{"id":33232,"date":"2023-03-25T23:00:34","date_gmt":"2023-03-25T19:00:34","guid":{"rendered":"https:\/\/infonews.az\/?p=33232"},"modified":"2023-03-25T23:00:34","modified_gmt":"2023-03-25T19:00:34","slug":"prezident-ilham-%c9%99liyev-sarl-miseli-lacin-yolu-%c9%99trafindaki-v%c9%99ziyy%c9%99t-bar%c9%99d%c9%99-m%c9%99lumatlandirib","status":"publish","type":"post","link":"https:\/\/infonews.az\/?p=33232","title":{"rendered":"Prezident \u0130lham \u018fliyev \u015earl Mi\u015feli La\u00e7\u0131n yolu \u0259traf\u0131ndak\u0131 v\u0259ziyy\u0259t bar\u0259d\u0259 m\u0259lumatland\u0131r\u0131b"},"content":{"rendered":"<p><span style=\"color: #ffffff\">Prezident \u0130lham \u018fliyev \u015earl Mi\u015feli La\u00e7\u0131n yolu \u0259traf\u0131ndak\u0131 v\u0259ziyy\u0259t bar\u0259d\u0259 m\u0259lumatland\u0131r\u0131b<\/span><\/p>\n<blockquote><p><strong>Az\u0259rbaycan Br\u00fcssel prosesini d\u0259st\u0259kl\u0259yir<\/strong>.<\/p><\/blockquote>\n<p><strong><a href=\"http:\/\/\u0130NFONEWS\">\u0130NFONEWS<\/a><\/strong>\u00a0x\u0259b\u0259r verir ki, bunu Avropa \u0130ttifaq\u0131 \u015euras\u0131n\u0131n Prezidenti \u015earl Mi\u015fell\u0259 telefon dan\u0131\u015f\u0131\u011f\u0131 zaman\u0131 Az\u0259rbaycan Respublikas\u0131n\u0131n Prezidenti \u0130lham \u018fliyev bildirib.<\/p>\n<p>La\u00e7\u0131n-Xank\u0259ndi yolu \u0259traf\u0131ndak\u0131 v\u0259ziyy\u0259t\u0259 toxunan Az\u0259rbaycan Prezidenti qeyd edib ki, bu yolun guya ba\u011fl\u0131 olmas\u0131 il\u0259 \u0259laq\u0259dar Erm\u0259nistan\u0131n ir\u0259li s\u00fcrd\u00fcy\u00fc iddialar tamamil\u0259 yaland\u0131r. Bel\u0259 ki, 2022-ci il dekabr\u0131n 12-d\u0259n bu g\u00fcn\u0259d\u0259k Rusiya s\u00fclhm\u0259raml\u0131lar\u0131na v\u0259 Beyn\u0259lxalq Q\u0131rm\u0131z\u0131 Xa\u00e7 Komit\u0259sin\u0259 m\u0259xsus 5 min\u0259 yax\u0131n n\u0259qliyyat vasit\u0259si, tibbi yard\u0131ma ehtiyac\u0131 olan \u015f\u0259xs v\u0259 onlar\u0131 m\u00fc\u015fayi\u0259t ed\u0259nl\u0259r bu yoldan ke\u00e7ibl\u0259r.<\/p>\n<p>&nbsp;<\/p>\n<p><strong>\u018fziz\u0259 \u018flizad\u0259<\/strong><\/p>\n<p><strong>\u00a9 Materiallardan istifad\u0259 ed\u0259rk\u0259n hiperlinkl\u0259 istinad olunmal\u0131d\u0131r<\/strong><\/p>\n<p><strong><a href=\"http:\/\/\u0130NFONEWS\">\u0130NFONEWS<\/a><\/strong><\/p>\n","protected":false},"excerpt":{"rendered":"<p>Prezident \u0130lham \u018fliyev \u015earl Mi\u015feli La\u00e7\u0131n yolu \u0259traf\u0131ndak\u0131 v\u0259ziyy\u0259t bar\u0259d\u0259 m\u0259lumatland\u0131r\u0131b Az\u0259rbaycan Br\u00fcssel prosesini d\u0259st\u0259kl\u0259yir. \u0130NFONEWS\u00a0x\u0259b\u0259r verir ki, bunu Avropa \u0130ttifaq\u0131 \u015euras\u0131n\u0131n Prezidenti \u015earl Mi\u015fell\u0259 telefon dan\u0131\u015f\u0131\u011f\u0131 zaman\u0131 Az\u0259rbaycan Respublikas\u0131n\u0131n&hellip; <\/p>\n","protected":false},"author":14,"featured_media":33233,"comment_status":"open","ping_status":"open","sticky":false,"template":"","format":"standard","meta":{"_mi_skip_tracking":false,"_monsterinsights_sitenote_active":false,"_monsterinsights_sitenote_note":"","_monsterinsights_sitenote_category":0,"footnotes":""},"categories":[4632,6,11],"tags":[7278,9989,15,19,1010,6533,6002,6535],"aioseo_notices":[],"_links":{"self":[{"href":"https:\/\/infonews.az\/index.php?rest_route=\/wp\/v2\/posts\/33232"}],"collection":[{"href":"https:\/\/infonews.az\/index.php?rest_route=\/wp\/v2\/posts"}],"about":[{"href":"https:\/\/infonews.az\/index.php?rest_route=\/wp\/v2\/types\/post"}],"author":[{"embeddable":true,"href":"https:\/\/infonews.az\/index.php?rest_route=\/wp\/v2\/users\/14"}],"replies":[{"embeddable":true,"href":"https:\/\/infonews.az\/index.php?rest_route=%2Fwp%2Fv2%2Fcomments&post=33232"}],"version-history":[{"count":1,"href":"https:\/\/infonews.az\/index.php?rest_route=\/wp\/v2\/posts\/33232\/revisions"}],"predecessor-version":[{"id":33234,"href":"https:\/\/infonews.az\/index.php?rest_route=\/wp\/v2\/posts\/33232\/revisions\/33234"}],"wp:featuredmedia":[{"embeddable":true,"href":"https:\/\/infonews.az\/index.php?rest_route=\/wp\/v2\/media\/33233"}],"wp:attachment":[{"href":"https:\/\/infonews.az\/index.php?rest_route=%2Fwp%2Fv2%2Fmedia&parent=33232"}],"wp:term":[{"taxonomy":"category","embeddable":true,"href":"https:\/\/infonews.az\/index.php?rest_route=%2Fwp%2Fv2%2Fcategories&post=33232"},{"taxonomy":"post_tag","embeddable":true,"href":"https:\/\/infonews.az\/index.php?rest_route=%2Fwp%2Fv2%2Ftags&post=33232"}],"curies":[{"name":"wp","href":"https:\/\/api.w.org\/{rel}","templated":true}]}}