{"id":33348,"date":"2023-03-27T00:20:45","date_gmt":"2023-03-26T20:20:45","guid":{"rendered":"https:\/\/infonews.az\/?p=33348"},"modified":"2023-03-27T00:20:45","modified_gmt":"2023-03-26T20:20:45","slug":"qarabag-v%c9%99-qalatasaray-arasinda-daha-bir-yoldasliq-oyunu-olacaq","status":"publish","type":"post","link":"https:\/\/infonews.az\/?p=33348","title":{"rendered":"&#8220;Qaraba\u011f&#8221; v\u0259 &#8220;Qalatasaray&#8221; aras\u0131nda daha bir yolda\u015fl\u0131q oyunu olacaq"},"content":{"rendered":"<p><span style=\"color: #ffffff\">&#8220;Qaraba\u011f&#8221; v\u0259 &#8220;Qalatasaray&#8221; aras\u0131nda daha bir yolda\u015fl\u0131q oyunu olacaq<\/span><\/p>\n<blockquote><p>T\u00fcrkiy\u0259 &#8220;Qalatasaray&#8221;\u0131 il\u0259 &#8220;Qaraba\u011f&#8221; aras\u0131nda daha bir yolda\u015fl\u0131q oyunu olacaq.<\/p><\/blockquote>\n<p>&#8220;<a href=\"https:\/\/infonews.az\">\u0130NFONEWS<\/a>&#8220;in m\u0259lumat\u0131na g\u00f6r\u0259, bu bar\u0259d\u0259 &#8220;sar\u0131-q\u0131rm\u0131z\u0131l\u0131lar&#8221;\u0131n prezidenti Dursun \u00d6zbek a\u00e7\u0131qlama verib.<\/p>\n<p>Funksioner n\u00f6vb\u0259ti qar\u015f\u0131la\u015fman\u0131n \u0130stanbulda ke\u00e7iril\u0259c\u0259yini bildirib: &#8220;Onlar\u0131 T\u00fcrkiy\u0259d\u0259 d\u0259 dostluq oyunu ke\u00e7irm\u0259k \u00fc\u00e7\u00fcn d\u0259v\u0259t etdim&#8221;.<\/p>\n<p>Qeyd ed\u0259k ki, Bak\u0131 Olimpiya Stadionundak\u0131 &#8220;Qaraba\u011f&#8221; &#8211; &#8220;Qalatasaray&#8221; mat\u00e7\u0131 qonaqlar\u0131n 2:1 hesabl\u0131 q\u0259l\u0259b\u0259si il\u0259 ba\u015fa \u00e7at\u0131b.<\/p>\n","protected":false},"excerpt":{"rendered":"<p>&#8220;Qaraba\u011f&#8221; v\u0259 &#8220;Qalatasaray&#8221; aras\u0131nda daha bir yolda\u015fl\u0131q oyunu olacaq T\u00fcrkiy\u0259 &#8220;Qalatasaray&#8221;\u0131 il\u0259 &#8220;Qaraba\u011f&#8221; aras\u0131nda daha bir yolda\u015fl\u0131q oyunu olacaq. &#8220;\u0130NFONEWS&#8220;in m\u0259lumat\u0131na g\u00f6r\u0259, bu bar\u0259d\u0259 &#8220;sar\u0131-q\u0131rm\u0131z\u0131l\u0131lar&#8221;\u0131n prezidenti Dursun \u00d6zbek a\u00e7\u0131qlama verib.&hellip; <\/p>\n","protected":false},"author":16,"featured_media":33349,"comment_status":"open","ping_status":"open","sticky":false,"template":"","format":"standard","meta":{"_mi_skip_tracking":false,"_monsterinsights_sitenote_active":false,"_monsterinsights_sitenote_note":"","_monsterinsights_sitenote_category":0,"footnotes":""},"categories":[11],"tags":[10006,5127],"aioseo_notices":[],"_links":{"self":[{"href":"https:\/\/infonews.az\/index.php?rest_route=\/wp\/v2\/posts\/33348"}],"collection":[{"href":"https:\/\/infonews.az\/index.php?rest_route=\/wp\/v2\/posts"}],"about":[{"href":"https:\/\/infonews.az\/index.php?rest_route=\/wp\/v2\/types\/post"}],"author":[{"embeddable":true,"href":"https:\/\/infonews.az\/index.php?rest_route=\/wp\/v2\/users\/16"}],"replies":[{"embeddable":true,"href":"https:\/\/infonews.az\/index.php?rest_route=%2Fwp%2Fv2%2Fcomments&post=33348"}],"version-history":[{"count":1,"href":"https:\/\/infonews.az\/index.php?rest_route=\/wp\/v2\/posts\/33348\/revisions"}],"predecessor-version":[{"id":33350,"href":"https:\/\/infonews.az\/index.php?rest_route=\/wp\/v2\/posts\/33348\/revisions\/33350"}],"wp:featuredmedia":[{"embeddable":true,"href":"https:\/\/infonews.az\/index.php?rest_route=\/wp\/v2\/media\/33349"}],"wp:attachment":[{"href":"https:\/\/infonews.az\/index.php?rest_route=%2Fwp%2Fv2%2Fmedia&parent=33348"}],"wp:term":[{"taxonomy":"category","embeddable":true,"href":"https:\/\/infonews.az\/index.php?rest_route=%2Fwp%2Fv2%2Fcategories&post=33348"},{"taxonomy":"post_tag","embeddable":true,"href":"https:\/\/infonews.az\/index.php?rest_route=%2Fwp%2Fv2%2Ftags&post=33348"}],"curies":[{"name":"wp","href":"https:\/\/api.w.org\/{rel}","templated":true}]}}