{"id":33384,"date":"2023-03-27T21:49:02","date_gmt":"2023-03-27T17:49:02","guid":{"rendered":"https:\/\/infonews.az\/?p=33384"},"modified":"2023-03-27T21:49:02","modified_gmt":"2023-03-27T17:49:02","slug":"israilin-az%c9%99rbaycandaki-s%c9%99firliyi-f%c9%99aliyy%c9%99tini-dayandirib","status":"publish","type":"post","link":"https:\/\/infonews.az\/?p=33384","title":{"rendered":"\u0130srailin Az\u0259rbaycandak\u0131 s\u0259firliyi f\u0259aliyy\u0259tini dayand\u0131r\u0131b"},"content":{"rendered":"<p><span style=\"color: #ffffff\">\u0130srailin Az\u0259rbaycandak\u0131 s\u0259firliyi f\u0259aliyy\u0259tini dayand\u0131r\u0131b<\/span><\/p>\n<blockquote><p><strong>\u0130srailin Az\u0259rbaycandak\u0131 s\u0259firliyi f\u0259aliyy\u0259tini dayand\u0131r\u0131b.<\/strong><\/p><\/blockquote>\n<p><strong><a href=\"http:\/\/\u0130NFONEWS\">\u0130NFONEWS<\/a><\/strong>\u00a0x\u0259b\u0259r verir ki,bu bar\u0259d\u0259a s\u0259firlikd\u0259n m\u0259lumat verilib.<\/p>\n<p>Qeyd olunub ki, s\u0259firlik \u0259m\u0259kda\u015flar\u0131 h\u0259mkarlar ittifaq\u0131n\u0131n b\u00fct\u00fcn d\u00f6vl\u0259t qulluq\u00e7ular\u0131n\u0131n m\u0259hk\u0259m\u0259 islahatlar\u0131na etiraz etm\u0259k \u00fc\u00e7\u00fcn meydana \u00e7\u0131xmaq bar\u0259d\u0259 \u00e7a\u011f\u0131r\u0131\u015f\u0131na qo\u015fulublar.<\/p>\n<p>&nbsp;<\/p>\n<p><strong>\u018fziz\u0259 \u018flizad\u0259<\/strong><\/p>\n<p><strong>\u00a9 Materiallardan istifad\u0259 ed\u0259rk\u0259n hiperlinkl\u0259 istinad olunmal\u0131d\u0131r<\/strong><\/p>\n<p><strong><a href=\"http:\/\/\u0130NFONEWS\">\u0130NFONEWS<\/a><\/strong><\/p>\n<p>&nbsp;<\/p>\n","protected":false},"excerpt":{"rendered":"<p>\u0130srailin Az\u0259rbaycandak\u0131 s\u0259firliyi f\u0259aliyy\u0259tini dayand\u0131r\u0131b \u0130srailin Az\u0259rbaycandak\u0131 s\u0259firliyi f\u0259aliyy\u0259tini dayand\u0131r\u0131b. \u0130NFONEWS\u00a0x\u0259b\u0259r verir ki,bu bar\u0259d\u0259a s\u0259firlikd\u0259n m\u0259lumat verilib. Qeyd olunub ki, s\u0259firlik \u0259m\u0259kda\u015flar\u0131 h\u0259mkarlar ittifaq\u0131n\u0131n b\u00fct\u00fcn d\u00f6vl\u0259t qulluq\u00e7ular\u0131n\u0131n m\u0259hk\u0259m\u0259 islahatlar\u0131na etiraz&hellip; <\/p>\n","protected":false},"author":14,"featured_media":33385,"comment_status":"open","ping_status":"open","sticky":false,"template":"","format":"standard","meta":{"_mi_skip_tracking":false,"_monsterinsights_sitenote_active":false,"_monsterinsights_sitenote_note":"","_monsterinsights_sitenote_category":0,"footnotes":""},"categories":[9],"tags":[10047,10051,10049,10050,10048,13,339,15,183],"aioseo_notices":[],"_links":{"self":[{"href":"https:\/\/infonews.az\/index.php?rest_route=\/wp\/v2\/posts\/33384"}],"collection":[{"href":"https:\/\/infonews.az\/index.php?rest_route=\/wp\/v2\/posts"}],"about":[{"href":"https:\/\/infonews.az\/index.php?rest_route=\/wp\/v2\/types\/post"}],"author":[{"embeddable":true,"href":"https:\/\/infonews.az\/index.php?rest_route=\/wp\/v2\/users\/14"}],"replies":[{"embeddable":true,"href":"https:\/\/infonews.az\/index.php?rest_route=%2Fwp%2Fv2%2Fcomments&post=33384"}],"version-history":[{"count":1,"href":"https:\/\/infonews.az\/index.php?rest_route=\/wp\/v2\/posts\/33384\/revisions"}],"predecessor-version":[{"id":33386,"href":"https:\/\/infonews.az\/index.php?rest_route=\/wp\/v2\/posts\/33384\/revisions\/33386"}],"wp:featuredmedia":[{"embeddable":true,"href":"https:\/\/infonews.az\/index.php?rest_route=\/wp\/v2\/media\/33385"}],"wp:attachment":[{"href":"https:\/\/infonews.az\/index.php?rest_route=%2Fwp%2Fv2%2Fmedia&parent=33384"}],"wp:term":[{"taxonomy":"category","embeddable":true,"href":"https:\/\/infonews.az\/index.php?rest_route=%2Fwp%2Fv2%2Fcategories&post=33384"},{"taxonomy":"post_tag","embeddable":true,"href":"https:\/\/infonews.az\/index.php?rest_route=%2Fwp%2Fv2%2Ftags&post=33384"}],"curies":[{"name":"wp","href":"https:\/\/api.w.org\/{rel}","templated":true}]}}