{"id":3340,"date":"2021-01-29T11:19:46","date_gmt":"2021-01-29T07:19:46","guid":{"rendered":"https:\/\/infonews.az\/?p=3340"},"modified":"2021-01-29T11:19:46","modified_gmt":"2021-01-29T07:19:46","slug":"mehriban-%c9%99liyeva-r%c9%99misl%c9%99-bagli-gost%c9%99ris-verib","status":"publish","type":"post","link":"https:\/\/infonews.az\/?p=3340","title":{"rendered":"Mehriban \u018fliyeva R\u0259mi\u015fl\u0259 ba\u011fl\u0131 g\u00f6st\u0259ri\u015f verib"},"content":{"rendered":"<p><span style=\"color: #ffffff;\">Mehriban \u018fliyeva R\u0259mi\u015fl\u0259 ba\u011fl\u0131 g\u00f6st\u0259ri\u015f verib<\/span><\/p>\n<p><a href=\"https:\/\/infonews.az\/?p=3340&amp;\"><strong><span style=\"color: #ff0000;\">&#8220;\u0130NFONEWS&#8221;<\/span><\/strong><\/a> x\u0259b\u0259r verir.<\/p>\n<p>Az\u0259rbaycan\u0131n Birinci vitse-prezidenti Mehriban \u018fliyevan\u0131n tap\u015f\u0131r\u0131\u011f\u0131 il\u0259 Xalq artisti Rafiq H\u00fcseynov (R\u0259mi\u015f) x\u0259st\u0259xanaya yerl\u0259\u015fdirilib.<\/p>\n<p>Bu bar\u0259d\u0259 Xalq artistinin h\u0259yat yolda\u015f\u0131 G\u00fcll\u00fc H\u00fcseynova bildirib.<\/p>\n<p>Onun s\u00f6zl\u0259rin\u0259 g\u00f6r\u0259, R.H\u00fcseynov Bak\u0131 Sa\u011flaml\u0131q M\u0259rk\u0259zinin reanimasiya \u015f\u00f6b\u0259sin\u0259 yerl\u0259\u015fdirilib. Haz\u0131rda h\u0259kim n\u0259zar\u0259tind\u0259dir.<\/p>\n<p>Qeyd ed\u0259k ki, tan\u0131nm\u0131\u015f gitara ifa\u00e7\u0131s\u0131n\u0131n m\u00fcalic\u0259si Heyd\u0259r \u018fliyev Fondu t\u0259r\u0259find\u0259n n\u0259zar\u0259t\u0259 g\u00f6t\u00fcr\u00fcl\u00fcb.<\/p>\n<p><img loading=\"lazy\" decoding=\"async\" class=\"alignnone size-medium wp-image-3344\" src=\"https:\/\/infonews.az\/wp-content\/uploads\/2021\/01\/280661_1510565277-300x211.jpg\" alt=\"\" width=\"300\" height=\"211\" srcset=\"https:\/\/infonews.az\/wp-content\/uploads\/2021\/01\/280661_1510565277-300x211.jpg 300w, https:\/\/infonews.az\/wp-content\/uploads\/2021\/01\/280661_1510565277.jpg 700w\" sizes=\"(max-width: 300px) 100vw, 300px\" \/><\/p>\n","protected":false},"excerpt":{"rendered":"<p>Mehriban \u018fliyeva R\u0259mi\u015fl\u0259 ba\u011fl\u0131 g\u00f6st\u0259ri\u015f verib &#8220;\u0130NFONEWS&#8221; x\u0259b\u0259r verir. Az\u0259rbaycan\u0131n Birinci vitse-prezidenti Mehriban \u018fliyevan\u0131n tap\u015f\u0131r\u0131\u011f\u0131 il\u0259 Xalq artisti Rafiq H\u00fcseynov (R\u0259mi\u015f) x\u0259st\u0259xanaya yerl\u0259\u015fdirilib. Bu bar\u0259d\u0259 Xalq artistinin h\u0259yat yolda\u015f\u0131 G\u00fcll\u00fc&hellip; <\/p>\n","protected":false},"author":3,"featured_media":3343,"comment_status":"open","ping_status":"open","sticky":false,"template":"","format":"standard","meta":{"_mi_skip_tracking":false,"_monsterinsights_sitenote_active":false,"_monsterinsights_sitenote_note":"","_monsterinsights_sitenote_category":0,"footnotes":""},"categories":[5,699,11],"tags":[847,38,17,848],"aioseo_notices":[],"_links":{"self":[{"href":"https:\/\/infonews.az\/index.php?rest_route=\/wp\/v2\/posts\/3340"}],"collection":[{"href":"https:\/\/infonews.az\/index.php?rest_route=\/wp\/v2\/posts"}],"about":[{"href":"https:\/\/infonews.az\/index.php?rest_route=\/wp\/v2\/types\/post"}],"author":[{"embeddable":true,"href":"https:\/\/infonews.az\/index.php?rest_route=\/wp\/v2\/users\/3"}],"replies":[{"embeddable":true,"href":"https:\/\/infonews.az\/index.php?rest_route=%2Fwp%2Fv2%2Fcomments&post=3340"}],"version-history":[{"count":1,"href":"https:\/\/infonews.az\/index.php?rest_route=\/wp\/v2\/posts\/3340\/revisions"}],"predecessor-version":[{"id":3345,"href":"https:\/\/infonews.az\/index.php?rest_route=\/wp\/v2\/posts\/3340\/revisions\/3345"}],"wp:featuredmedia":[{"embeddable":true,"href":"https:\/\/infonews.az\/index.php?rest_route=\/wp\/v2\/media\/3343"}],"wp:attachment":[{"href":"https:\/\/infonews.az\/index.php?rest_route=%2Fwp%2Fv2%2Fmedia&parent=3340"}],"wp:term":[{"taxonomy":"category","embeddable":true,"href":"https:\/\/infonews.az\/index.php?rest_route=%2Fwp%2Fv2%2Fcategories&post=3340"},{"taxonomy":"post_tag","embeddable":true,"href":"https:\/\/infonews.az\/index.php?rest_route=%2Fwp%2Fv2%2Ftags&post=3340"}],"curies":[{"name":"wp","href":"https:\/\/api.w.org\/{rel}","templated":true}]}}