{"id":33422,"date":"2023-03-28T21:00:13","date_gmt":"2023-03-28T17:00:13","guid":{"rendered":"https:\/\/infonews.az\/?p=33422"},"modified":"2023-03-28T21:00:13","modified_gmt":"2023-03-28T17:00:13","slug":"turkiy%c9%99-mudafi%c9%99-nazirliyi-fransa-parlamentin%c9%99-etiraz-edib","status":"publish","type":"post","link":"https:\/\/infonews.az\/?p=33422","title":{"rendered":"T\u00fcrkiy\u0259 M\u00fcdafi\u0259 Nazirliyi Fransa parlamentin\u0259 etiraz edib"},"content":{"rendered":"<p><span style=\"color: #ffffff\">T\u00fcrkiy\u0259 M\u00fcdafi\u0259 Nazirliyi Fransa parlamentin\u0259 etiraz edib<\/span><\/p>\n<blockquote><p><strong>\u201cNATO \u00fczv\u00fc olan Fransan\u0131n parlamentind\u0259 \u0259li qanl\u0131 PKK\/YPG terror qrupla\u015fmas\u0131 t\u0259msil\u00e7il\u0259rinin q\u0259bul edilm\u0259si onun n\u00fcfuzuna k\u00f6lg\u0259 sal\u0131b\u201d.<\/strong><\/p><\/blockquote>\n<p><strong><a href=\"http:\/\/\u0130NFONEWS\">\u0130NFONEWS<\/a><\/strong>\u00a0x\u0259b\u0259r verir ki, bu bar\u0259d\u0259 T\u00fcrkiy\u0259 Milli M\u00fcdafi\u0259 Nazirliyinin yayd\u0131\u011f\u0131 b\u0259yanatda qeyd olunub.<\/p>\n<p>Nazirlik Fransa parlamentinin bu add\u0131m\u0131n\u0131 NATO-dak\u0131 m\u00fctt\u0259fiqlik ruhuna zidd oldu\u011funu vur\u011fulay\u0131b: \u201cBu add\u0131m h\u0259m d\u0259 NATO-nun terrorizml\u0259 m\u00fcbariz\u0259sini he\u00e7\u0259 endirir. B\u00fct\u00fcn hallarda T\u00fcrkiy\u0259 Silahl\u0131 Q\u00fcvv\u0259l\u0259ri b\u00fct\u00fcn terror t\u0259\u015fkilatlar\u0131na qar\u015f\u0131 m\u00fcbariz\u0259ni fasil\u0259siz davam etdir\u0259c\u0259k\u201d.<\/p>\n<p>&nbsp;<\/p>\n<p><strong>\u018fziz\u0259 \u018flizad\u0259<\/strong><\/p>\n<p><strong>\u00a9 Materiallardan istifad\u0259 ed\u0259rk\u0259n hiperlinkl\u0259 istinad olunmal\u0131d\u0131r<\/strong><\/p>\n<p><strong><a href=\"http:\/\/\u0130NFONEWS\">\u0130NFONEWS<\/a><\/strong><\/p>\n","protected":false},"excerpt":{"rendered":"<p>T\u00fcrkiy\u0259 M\u00fcdafi\u0259 Nazirliyi Fransa parlamentin\u0259 etiraz edib \u201cNATO \u00fczv\u00fc olan Fransan\u0131n parlamentind\u0259 \u0259li qanl\u0131 PKK\/YPG terror qrupla\u015fmas\u0131 t\u0259msil\u00e7il\u0259rinin q\u0259bul edilm\u0259si onun n\u00fcfuzuna k\u00f6lg\u0259 sal\u0131b\u201d. \u0130NFONEWS\u00a0x\u0259b\u0259r verir ki, bu bar\u0259d\u0259 T\u00fcrkiy\u0259&hellip; <\/p>\n","protected":false},"author":14,"featured_media":33423,"comment_status":"open","ping_status":"open","sticky":false,"template":"","format":"standard","meta":{"_mi_skip_tracking":false,"_monsterinsights_sitenote_active":false,"_monsterinsights_sitenote_note":"","_monsterinsights_sitenote_category":0,"footnotes":""},"categories":[9],"tags":[10049,10089,10087,10088,819,15,674,1307,910],"aioseo_notices":[],"_links":{"self":[{"href":"https:\/\/infonews.az\/index.php?rest_route=\/wp\/v2\/posts\/33422"}],"collection":[{"href":"https:\/\/infonews.az\/index.php?rest_route=\/wp\/v2\/posts"}],"about":[{"href":"https:\/\/infonews.az\/index.php?rest_route=\/wp\/v2\/types\/post"}],"author":[{"embeddable":true,"href":"https:\/\/infonews.az\/index.php?rest_route=\/wp\/v2\/users\/14"}],"replies":[{"embeddable":true,"href":"https:\/\/infonews.az\/index.php?rest_route=%2Fwp%2Fv2%2Fcomments&post=33422"}],"version-history":[{"count":1,"href":"https:\/\/infonews.az\/index.php?rest_route=\/wp\/v2\/posts\/33422\/revisions"}],"predecessor-version":[{"id":33424,"href":"https:\/\/infonews.az\/index.php?rest_route=\/wp\/v2\/posts\/33422\/revisions\/33424"}],"wp:featuredmedia":[{"embeddable":true,"href":"https:\/\/infonews.az\/index.php?rest_route=\/wp\/v2\/media\/33423"}],"wp:attachment":[{"href":"https:\/\/infonews.az\/index.php?rest_route=%2Fwp%2Fv2%2Fmedia&parent=33422"}],"wp:term":[{"taxonomy":"category","embeddable":true,"href":"https:\/\/infonews.az\/index.php?rest_route=%2Fwp%2Fv2%2Fcategories&post=33422"},{"taxonomy":"post_tag","embeddable":true,"href":"https:\/\/infonews.az\/index.php?rest_route=%2Fwp%2Fv2%2Ftags&post=33422"}],"curies":[{"name":"wp","href":"https:\/\/api.w.org\/{rel}","templated":true}]}}