{"id":33427,"date":"2023-03-28T22:46:09","date_gmt":"2023-03-28T18:46:09","guid":{"rendered":"https:\/\/infonews.az\/?p=33427"},"modified":"2023-03-29T11:45:45","modified_gmt":"2023-03-29T07:45:45","slug":"mill%c9%99t-v%c9%99kili-fazil-mustafa-evinin-qarsisinda-gull%c9%99l%c9%99ndi","status":"publish","type":"post","link":"https:\/\/infonews.az\/?p=33427","title":{"rendered":"Mill\u0259t v\u0259kili Fazil Mustafa evinin qar\u015f\u0131s\u0131nda g\u00fcll\u0259l\u0259ndi"},"content":{"rendered":"<p><span style=\"color: #ffffff;\">Mill\u0259t v\u0259kili Fazil Mustafa evinin qar\u015f\u0131s\u0131nda g\u00fcll\u0259l\u0259ndi<\/span><\/p>\n<blockquote><p>Milli M\u0259clisin deputat\u0131 Fazil Mustafa iki g\u00fcll\u0259 yaras\u0131 al\u0131b.<\/p><\/blockquote>\n<p><span style=\"color: #000080;\"><strong>&#8220;<a style=\"color: #000080;\" href=\"https:\/\/infonews.az\">\u0130NFONEWS<\/a>&#8220;<\/strong><\/span>-un \u0259ld\u0259 etdiyi m\u0259lumata g\u00f6r\u0259, Zabrat q\u0259s\u0259b\u0259sind\u0259 yerl\u0259\u015f\u0259n evinin qar\u015f\u0131s\u0131nda silahl\u0131 h\u00fccuma m\u0259ruz qalan mill\u0259t v\u0259kilin\u0259 avtomat silahdan \u00e7oxsayl\u0131 at\u0259\u015f a\u00e7\u0131l\u0131b.<\/p>\n<p>\u00c7iyin nayih\u0259sind\u0259n v\u0259 aya\u011f\u0131ndan yaralanan mill\u0259t v\u0259kilin\u0259 haz\u0131rda \u00f6z evind\u0259 h\u0259kim m\u00fcdaxil\u0259si edilir.<\/p>\n<p>Polis hadis\u0259 yerind\u0259dir.<\/p>\n<p>Daxili \u0130\u015fl\u0259r Nazirliyinin M\u0259tbuat xidm\u0259ti &#8220;\u0130NFONEWS&#8221;-a a\u00e7\u0131qlamas\u0131nda hadis\u0259ni t\u0259sdiql\u0259yib.<\/p>\n<p>Haz\u0131rda \u0259m\u0259liyyat-istintaq t\u0259dbirl\u0259ri apar\u0131l\u0131r. \u0130ctimaiyy\u0259t\u0259 \u0259lav\u0259 m\u0259lumat veril\u0259c\u0259k.<\/p>\n","protected":false},"excerpt":{"rendered":"<p>Mill\u0259t v\u0259kili Fazil Mustafa evinin qar\u015f\u0131s\u0131nda g\u00fcll\u0259l\u0259ndi Milli M\u0259clisin deputat\u0131 Fazil Mustafa iki g\u00fcll\u0259 yaras\u0131 al\u0131b. &#8220;\u0130NFONEWS&#8220;-un \u0259ld\u0259 etdiyi m\u0259lumata g\u00f6r\u0259, Zabrat q\u0259s\u0259b\u0259sind\u0259 yerl\u0259\u015f\u0259n evinin qar\u015f\u0131s\u0131nda silahl\u0131 h\u00fccuma m\u0259ruz qalan&hellip; <\/p>\n","protected":false},"author":16,"featured_media":16206,"comment_status":"open","ping_status":"open","sticky":false,"template":"","format":"standard","meta":{"_mi_skip_tracking":false,"_monsterinsights_sitenote_active":false,"_monsterinsights_sitenote_note":"","_monsterinsights_sitenote_category":0,"footnotes":""},"categories":[5,11],"tags":[7885,8459,4445,4019,4173,910],"aioseo_notices":[],"_links":{"self":[{"href":"https:\/\/infonews.az\/index.php?rest_route=\/wp\/v2\/posts\/33427"}],"collection":[{"href":"https:\/\/infonews.az\/index.php?rest_route=\/wp\/v2\/posts"}],"about":[{"href":"https:\/\/infonews.az\/index.php?rest_route=\/wp\/v2\/types\/post"}],"author":[{"embeddable":true,"href":"https:\/\/infonews.az\/index.php?rest_route=\/wp\/v2\/users\/16"}],"replies":[{"embeddable":true,"href":"https:\/\/infonews.az\/index.php?rest_route=%2Fwp%2Fv2%2Fcomments&post=33427"}],"version-history":[{"count":3,"href":"https:\/\/infonews.az\/index.php?rest_route=\/wp\/v2\/posts\/33427\/revisions"}],"predecessor-version":[{"id":33436,"href":"https:\/\/infonews.az\/index.php?rest_route=\/wp\/v2\/posts\/33427\/revisions\/33436"}],"wp:featuredmedia":[{"embeddable":true,"href":"https:\/\/infonews.az\/index.php?rest_route=\/wp\/v2\/media\/16206"}],"wp:attachment":[{"href":"https:\/\/infonews.az\/index.php?rest_route=%2Fwp%2Fv2%2Fmedia&parent=33427"}],"wp:term":[{"taxonomy":"category","embeddable":true,"href":"https:\/\/infonews.az\/index.php?rest_route=%2Fwp%2Fv2%2Fcategories&post=33427"},{"taxonomy":"post_tag","embeddable":true,"href":"https:\/\/infonews.az\/index.php?rest_route=%2Fwp%2Fv2%2Ftags&post=33427"}],"curies":[{"name":"wp","href":"https:\/\/api.w.org\/{rel}","templated":true}]}}