{"id":3346,"date":"2021-01-29T11:28:55","date_gmt":"2021-01-29T07:28:55","guid":{"rendered":"https:\/\/infonews.az\/?p=3346"},"modified":"2021-01-29T11:28:55","modified_gmt":"2021-01-29T07:28:55","slug":"dask%c9%99s%c9%99nd%c9%99-karantini-pozan-yem%c9%99kxana-askarlanib","status":"publish","type":"post","link":"https:\/\/infonews.az\/?p=3346","title":{"rendered":"Da\u015fk\u0259s\u0259nd\u0259 karantini pozan yem\u0259kxana a\u015fkarlan\u0131b"},"content":{"rendered":"<p><span style=\"color: #ffffff;\">Da\u015fk\u0259s\u0259nd\u0259 karantini pozan yem\u0259kxana a\u015fkarlan\u0131b<\/span><\/p>\n<p><a href=\"https:\/\/infonews.az\/?p=3346&amp;\"><span style=\"color: #ff0000;\"><strong>&#8220;\u0130NFONEWS&#8221;<\/strong><\/span> <\/a>x\u0259b\u0259r verir.<\/p>\n<p>Daxili \u0130\u015fl\u0259r Nazirliyinin M\u0259tbuat Xidm\u0259tinin G\u0259nc\u0259 \u015f\u0259h\u0259rind\u0259ki regional qrupundan veril\u0259n m\u0259lumata g\u00f6r\u0259, Da\u015fk\u0259s\u0259n rayon Polis \u015e\u00f6b\u0259sinin (RP\u015e) \u0259m\u0259kda\u015flar\u0131 inzibati \u0259razil\u0259rind\u0259 xidm\u0259t aparan zaman\u0131 rayon \u0259razisind\u0259 \u015eahbaz H\u00fcseynova m\u0259xsus yem\u0259kxanan\u0131n gizli \u015f\u0259kild\u0259 f\u0259aliyy\u0259t g\u00f6st\u0259rm\u0259sini a\u015fkarlay\u0131b.<\/p>\n<p>Obyekt sahibi v\u0259 m\u00fc\u015ft\u0259ril\u0259ri Polis \u015e\u00f6b\u0259sin\u0259 g\u0259tirilib v\u0259 bar\u0259l\u0259rind\u0259 \u0130nzibati X\u0259talar M\u0259c\u0259ll\u0259sinin 211-ci madd\u0259si (Epidemiya \u0259leyhin\u0259 rejimin, sanitariya-gigiyena v\u0259 karantin rejiml\u0259rinin pozulmas\u0131) il\u0259 protokol t\u0259rtib ed\u0259r\u0259k bax\u0131lmas\u0131 \u00fc\u00e7\u00fcn rayon m\u0259hk\u0259m\u0259sin\u0259 g\u00f6nd\u0259rilib.<\/p>\n","protected":false},"excerpt":{"rendered":"<p>Da\u015fk\u0259s\u0259nd\u0259 karantini pozan yem\u0259kxana a\u015fkarlan\u0131b &#8220;\u0130NFONEWS&#8221; x\u0259b\u0259r verir. Daxili \u0130\u015fl\u0259r Nazirliyinin M\u0259tbuat Xidm\u0259tinin G\u0259nc\u0259 \u015f\u0259h\u0259rind\u0259ki regional qrupundan veril\u0259n m\u0259lumata g\u00f6r\u0259, Da\u015fk\u0259s\u0259n rayon Polis \u015e\u00f6b\u0259sinin (RP\u015e) \u0259m\u0259kda\u015flar\u0131 inzibati \u0259razil\u0259rind\u0259 xidm\u0259t aparan&hellip; <\/p>\n","protected":false},"author":3,"featured_media":3347,"comment_status":"open","ping_status":"open","sticky":false,"template":"","format":"standard","meta":{"_mi_skip_tracking":false,"_monsterinsights_sitenote_active":false,"_monsterinsights_sitenote_note":"","_monsterinsights_sitenote_category":0,"footnotes":""},"categories":[5,11],"tags":[712,849,36],"aioseo_notices":[],"_links":{"self":[{"href":"https:\/\/infonews.az\/index.php?rest_route=\/wp\/v2\/posts\/3346"}],"collection":[{"href":"https:\/\/infonews.az\/index.php?rest_route=\/wp\/v2\/posts"}],"about":[{"href":"https:\/\/infonews.az\/index.php?rest_route=\/wp\/v2\/types\/post"}],"author":[{"embeddable":true,"href":"https:\/\/infonews.az\/index.php?rest_route=\/wp\/v2\/users\/3"}],"replies":[{"embeddable":true,"href":"https:\/\/infonews.az\/index.php?rest_route=%2Fwp%2Fv2%2Fcomments&post=3346"}],"version-history":[{"count":1,"href":"https:\/\/infonews.az\/index.php?rest_route=\/wp\/v2\/posts\/3346\/revisions"}],"predecessor-version":[{"id":3348,"href":"https:\/\/infonews.az\/index.php?rest_route=\/wp\/v2\/posts\/3346\/revisions\/3348"}],"wp:featuredmedia":[{"embeddable":true,"href":"https:\/\/infonews.az\/index.php?rest_route=\/wp\/v2\/media\/3347"}],"wp:attachment":[{"href":"https:\/\/infonews.az\/index.php?rest_route=%2Fwp%2Fv2%2Fmedia&parent=3346"}],"wp:term":[{"taxonomy":"category","embeddable":true,"href":"https:\/\/infonews.az\/index.php?rest_route=%2Fwp%2Fv2%2Fcategories&post=3346"},{"taxonomy":"post_tag","embeddable":true,"href":"https:\/\/infonews.az\/index.php?rest_route=%2Fwp%2Fv2%2Ftags&post=3346"}],"curies":[{"name":"wp","href":"https:\/\/api.w.org\/{rel}","templated":true}]}}