{"id":33476,"date":"2023-03-30T12:40:29","date_gmt":"2023-03-30T08:40:29","guid":{"rendered":"https:\/\/infonews.az\/?p=33476"},"modified":"2023-03-30T12:40:29","modified_gmt":"2023-03-30T08:40:29","slug":"ispaniyanin-az%c9%99rbaycanda-s%c9%99firliyi-t%c9%99sis-edil%c9%99-bil%c9%99r","status":"publish","type":"post","link":"https:\/\/infonews.az\/?p=33476","title":{"rendered":"\u0130spaniyan\u0131n Az\u0259rbaycanda s\u0259firliyi t\u0259sis edil\u0259 bil\u0259r"},"content":{"rendered":"<p><span style=\"color: #ffffff\">\u0130spaniyan\u0131n Az\u0259rbaycanda s\u0259firliyi t\u0259sis edil\u0259 bil\u0259r<\/span><\/p>\n<blockquote><p>Az\u0259rbaycan v\u0259 \u0130spaniya aras\u0131nda h\u00f6kum\u0259tl\u0259raras\u0131 komissiyan\u0131n v\u0259 ya i\u015f\u00e7i qrupun yarad\u0131lmas\u0131, \u0130spaniya Krall\u0131\u011f\u0131n\u0131n Az\u0259rbaycanda s\u0259firliyinin t\u0259sis edilm\u0259si m\u0259s\u0259l\u0259l\u0259ri m\u00fczakir\u0259 olunub.<\/p><\/blockquote>\n<p>\u201c<a href=\"https:\/\/infonews.az\">\u0130NFONEWS<\/a>\u201d x\u0259b\u0259r verir ki, m\u00fczakir\u0259l\u0259r iqtisadiyyat nazirinin birinci m\u00fcavini Elnur \u018fliyevin r\u0259hb\u0259rlik etdiyi n\u00fcmay\u0259nd\u0259 hey\u0259tinin \u0130spaniya Krall\u0131\u011f\u0131na s\u0259f\u0259ri \u00e7\u0259r\u00e7iv\u0259sind\u0259 \u0130spaniya Parlamentinin Deputatlar Konqresinin \u0130qtisadi m\u0259s\u0259l\u0259l\u0259r komit\u0259sinin r\u0259hb\u0259ri Selso Luis Delgado Ars v\u0259 S\u0259naye, ticar\u0259t v\u0259 turizm komit\u0259sinin r\u0259hb\u0259ri Xuan Kapdevila il\u0259 ke\u00e7iril\u0259n g\u00f6r\u00fc\u015fd\u0259 apar\u0131l\u0131b.<\/p>\n<p>Az\u0259rbaycan\u0131n Avropa \u0130ttifaq\u0131 il\u0259 \u0259laq\u0259l\u0259r\u0259 x\u00fcsusi \u00f6n\u0259m verdiyini, \u00f6lk\u0259mizin Avropan\u0131n enerji t\u0259hl\u00fck\u0259sizliyinin t\u0259minat\u0131nda etibarl\u0131 t\u0259r\u0259fda\u015f oldu\u011funu diqq\u0259t\u0259 \u00e7atd\u0131ran E. \u018fliyev ispan parlamentaril\u0259r\u0259 \u00f6lk\u0259l\u0259rimiz aras\u0131nda iqtisadi-ticar\u0259t \u0259laq\u0259l\u0259rinin m\u00f6vcud v\u0259ziyy\u0259ti bar\u0259d\u0259 m\u0259lumat verib, qar\u015f\u0131l\u0131ql\u0131 ticar\u0259t d\u00f6vriyy\u0259sinin h\u0259cminin 1 milyard AB\u015e dollardan \u00e7ox t\u0259\u015fkil etdiyini, \u0130spaniyan\u0131n Az\u0259rbaycan\u0131n \u0259sas 10 ticar\u0259t t\u0259r\u0259fda\u015flar\u0131ndan biri oldu\u011funu vur\u011fulay\u0131b.<\/p>\n<p>Bildirilib ki, ticar\u0259t \u0259laq\u0259l\u0259rinin \u015fax\u0259l\u0259ndirilm\u0259si iqtisadi g\u00fcnd\u0259liyimizin prioritet istiqam\u0259tl\u0259rind\u0259ndir v\u0259 bu sah\u0259d\u0259 \u0259m\u0259kda\u015fl\u0131\u011f\u0131n inki\u015faf\u0131 \u00fc\u00e7\u00fcn real imkanlar m\u00f6vcuddur. G\u00f6r\u00fc\u015fd\u0259, h\u0259m\u00e7inin, Az\u0259rbaycan iqtisadiyyat\u0131n\u0131n \u015fax\u0259l\u0259ndirilm\u0259si, qeyri-neft sektorunun inki\u015faf\u0131, investisiyalar\u0131n t\u0259\u015fviqi v\u0259 biznes m\u00fchitinin yax\u015f\u0131la\u015fd\u0131r\u0131lmas\u0131, \u00f6lk\u0259mizin 2030-cu il\u0259d\u0259k sosial-iqtisadi inki\u015faf\u0131na dair Milli Prioritetl\u0259ri v\u0259 qar\u015f\u0131ya qoyulan h\u0259d\u0259fl\u0259r\u0259 nail olunmas\u0131 istiqam\u0259tind\u0259 g\u00f6r\u00fcl\u0259n t\u0259dbirl\u0259r diqq\u0259t\u0259 \u00e7atd\u0131r\u0131l\u0131b.<\/p>\n<p>Deputatlar Konqresinin komit\u0259 r\u0259hb\u0259rl\u0259ri \u00f6lk\u0259l\u0259rinin Az\u0259rbaycanla \u0259m\u0259kda\u015fl\u0131\u011fa \u00f6n\u0259m verdiyini, \u0259laq\u0259l\u0259rin daha da intensivl\u0259\u015fdirilm\u0259si, birg\u0259 iqtisadi layih\u0259l\u0259rin h\u0259yata ke\u00e7irilm\u0259sinin perspektivl\u0259ri bar\u0259d\u0259 fikirl\u0259rini b\u00f6l\u00fc\u015f\u00fcbl\u0259r.<\/p>\n<p>G\u00f6r\u00fc\u015fd\u0259 qar\u015f\u0131l\u0131ql\u0131 maraq do\u011furan dig\u0259r m\u0259s\u0259l\u0259l\u0259r \u0259traf\u0131nda fikir m\u00fcbadil\u0259si apar\u0131l\u0131b.<\/p>\n<p>Qeyd ed\u0259k ki, haz\u0131rda Az\u0259rbaycanda \u0130spaniyan\u0131n n\u00fcmay\u0259nd\u0259liyi f\u0259aliyy\u0259t g\u00f6st\u0259rir, viza \u00fc\u00e7\u00fcn t\u0259qdim olunan m\u00fcraci\u0259tl\u0259r\u0259 is\u0259 Fransa s\u0259firliyi t\u0259r\u0259find\u0259n bax\u0131l\u0131r.<\/p>\n","protected":false},"excerpt":{"rendered":"<p>\u0130spaniyan\u0131n Az\u0259rbaycanda s\u0259firliyi t\u0259sis edil\u0259 bil\u0259r Az\u0259rbaycan v\u0259 \u0130spaniya aras\u0131nda h\u00f6kum\u0259tl\u0259raras\u0131 komissiyan\u0131n v\u0259 ya i\u015f\u00e7i qrupun yarad\u0131lmas\u0131, \u0130spaniya Krall\u0131\u011f\u0131n\u0131n Az\u0259rbaycanda s\u0259firliyinin t\u0259sis edilm\u0259si m\u0259s\u0259l\u0259l\u0259ri m\u00fczakir\u0259 olunub. \u201c\u0130NFONEWS\u201d x\u0259b\u0259r verir ki,&hellip; <\/p>\n","protected":false},"author":16,"featured_media":33477,"comment_status":"open","ping_status":"open","sticky":false,"template":"","format":"standard","meta":{"_mi_skip_tracking":false,"_monsterinsights_sitenote_active":false,"_monsterinsights_sitenote_note":"","_monsterinsights_sitenote_category":0,"footnotes":""},"categories":[2,11],"tags":[348,1463],"aioseo_notices":[],"_links":{"self":[{"href":"https:\/\/infonews.az\/index.php?rest_route=\/wp\/v2\/posts\/33476"}],"collection":[{"href":"https:\/\/infonews.az\/index.php?rest_route=\/wp\/v2\/posts"}],"about":[{"href":"https:\/\/infonews.az\/index.php?rest_route=\/wp\/v2\/types\/post"}],"author":[{"embeddable":true,"href":"https:\/\/infonews.az\/index.php?rest_route=\/wp\/v2\/users\/16"}],"replies":[{"embeddable":true,"href":"https:\/\/infonews.az\/index.php?rest_route=%2Fwp%2Fv2%2Fcomments&post=33476"}],"version-history":[{"count":1,"href":"https:\/\/infonews.az\/index.php?rest_route=\/wp\/v2\/posts\/33476\/revisions"}],"predecessor-version":[{"id":33478,"href":"https:\/\/infonews.az\/index.php?rest_route=\/wp\/v2\/posts\/33476\/revisions\/33478"}],"wp:featuredmedia":[{"embeddable":true,"href":"https:\/\/infonews.az\/index.php?rest_route=\/wp\/v2\/media\/33477"}],"wp:attachment":[{"href":"https:\/\/infonews.az\/index.php?rest_route=%2Fwp%2Fv2%2Fmedia&parent=33476"}],"wp:term":[{"taxonomy":"category","embeddable":true,"href":"https:\/\/infonews.az\/index.php?rest_route=%2Fwp%2Fv2%2Fcategories&post=33476"},{"taxonomy":"post_tag","embeddable":true,"href":"https:\/\/infonews.az\/index.php?rest_route=%2Fwp%2Fv2%2Ftags&post=33476"}],"curies":[{"name":"wp","href":"https:\/\/api.w.org\/{rel}","templated":true}]}}