{"id":33511,"date":"2023-03-30T20:37:02","date_gmt":"2023-03-30T16:37:02","guid":{"rendered":"https:\/\/infonews.az\/?p=33511"},"modified":"2023-03-31T09:50:18","modified_gmt":"2023-03-31T05:50:18","slug":"lavrov-turkiy%c9%99y%c9%99-s%c9%99f%c9%99r-ed%c9%99c%c9%99k-erm%c9%99nistan-az%c9%99rbaycan-munasib%c9%99tl%c9%99rinin-normallasdirilmasini-muzakir%c9%99-ed%c9%99c%c9%99k","status":"publish","type":"post","link":"https:\/\/infonews.az\/?p=33511","title":{"rendered":"Lavrov T\u00fcrkiy\u0259y\u0259 s\u0259f\u0259r ed\u0259c\u0259k, Erm\u0259nistan-Az\u0259rbaycan m\u00fcnasib\u0259tl\u0259rinin normalla\u015fd\u0131r\u0131lmas\u0131n\u0131 m\u00fczakir\u0259 ed\u0259c\u0259k"},"content":{"rendered":"<p><span style=\"color: #ffffff;\">Lavrov T\u00fcrkiy\u0259y\u0259 s\u0259f\u0259r ed\u0259c\u0259k, Erm\u0259nistan-Az\u0259rbaycan m\u00fcnasib\u0259tl\u0259rinin normalla\u015fd\u0131r\u0131lmas\u0131n\u0131 m\u00fczakir\u0259 ed\u0259c\u0259k<\/span><\/p>\n<blockquote><p><strong>Rusiyan\u0131n xarici i\u015fl\u0259r naziri Sergey Lavrov aprelin 6-7-d\u0259 T\u00fcrkiy\u0259y\u0259 s\u0259f\u0259r ed\u0259c\u0259k.<\/strong><\/p><\/blockquote>\n<p><strong><a href=\"http:\/\/\u0130NFONEWS\">\u0130NFONEWS<\/a><\/strong>\u00a0TASS-a istinad\u0259n x\u0259b\u0259r verir ki, bu bar\u0259d\u0259 Rusiya Xarici \u0130\u015fl\u0259r Nazirliyinin r\u0259smi n\u00fcmay\u0259nd\u0259si Mariya Zaxarova bildirib.<\/p>\n<p>M\u0259lumata g\u00f6r\u0259, s\u0259f\u0259r zaman\u0131 Rusiya-T\u00fcrkiy\u0259 \u0259m\u0259kda\u015fl\u0131\u011f\u0131n\u0131n inki\u015faf\u0131, Erm\u0259nistan v\u0259 Az\u0259rbaycan aras\u0131nda m\u00fcnasib\u0259tl\u0259rin normalla\u015fd\u0131r\u0131lmas\u0131 prosesi, h\u0259m\u00e7inin Ukraynadak\u0131 m\u00fcharib\u0259 v\u0259 Suriyadak\u0131 v\u0259ziyy\u0259tl\u0259 ba\u011fl\u0131 m\u00fczakir\u0259l\u0259rin apar\u0131lmas\u0131 planla\u015fd\u0131r\u0131l\u0131r.<\/p>\n<p>&nbsp;<\/p>\n<p><strong>\u018fziz\u0259 \u018flizad\u0259<\/strong><\/p>\n<p><strong>\u00a9 Materiallardan istifad\u0259 ed\u0259rk\u0259n hiperlinkl\u0259 istinad olunmal\u0131d\u0131r<\/strong><\/p>\n<p><strong><a href=\"http:\/\/\u0130NFONEWS\">\u0130NFONEWS<\/a><\/strong><\/p>\n","protected":false},"excerpt":{"rendered":"<p>Lavrov T\u00fcrkiy\u0259y\u0259 s\u0259f\u0259r ed\u0259c\u0259k, Erm\u0259nistan-Az\u0259rbaycan m\u00fcnasib\u0259tl\u0259rinin normalla\u015fd\u0131r\u0131lmas\u0131n\u0131 m\u00fczakir\u0259 ed\u0259c\u0259k Rusiyan\u0131n xarici i\u015fl\u0259r naziri Sergey Lavrov aprelin 6-7-d\u0259 T\u00fcrkiy\u0259y\u0259 s\u0259f\u0259r ed\u0259c\u0259k. \u0130NFONEWS\u00a0TASS-a istinad\u0259n x\u0259b\u0259r verir ki, bu bar\u0259d\u0259 Rusiya Xarici \u0130\u015fl\u0259r&hellip; <\/p>\n","protected":false},"author":14,"featured_media":33512,"comment_status":"open","ping_status":"open","sticky":false,"template":"","format":"standard","meta":{"_mi_skip_tracking":false,"_monsterinsights_sitenote_active":false,"_monsterinsights_sitenote_note":"","_monsterinsights_sitenote_category":0,"footnotes":""},"categories":[9,11],"tags":[6736,13,70,15,6402,1112,4990,302,12,172],"aioseo_notices":[],"_links":{"self":[{"href":"https:\/\/infonews.az\/index.php?rest_route=\/wp\/v2\/posts\/33511"}],"collection":[{"href":"https:\/\/infonews.az\/index.php?rest_route=\/wp\/v2\/posts"}],"about":[{"href":"https:\/\/infonews.az\/index.php?rest_route=\/wp\/v2\/types\/post"}],"author":[{"embeddable":true,"href":"https:\/\/infonews.az\/index.php?rest_route=\/wp\/v2\/users\/14"}],"replies":[{"embeddable":true,"href":"https:\/\/infonews.az\/index.php?rest_route=%2Fwp%2Fv2%2Fcomments&post=33511"}],"version-history":[{"count":2,"href":"https:\/\/infonews.az\/index.php?rest_route=\/wp\/v2\/posts\/33511\/revisions"}],"predecessor-version":[{"id":33515,"href":"https:\/\/infonews.az\/index.php?rest_route=\/wp\/v2\/posts\/33511\/revisions\/33515"}],"wp:featuredmedia":[{"embeddable":true,"href":"https:\/\/infonews.az\/index.php?rest_route=\/wp\/v2\/media\/33512"}],"wp:attachment":[{"href":"https:\/\/infonews.az\/index.php?rest_route=%2Fwp%2Fv2%2Fmedia&parent=33511"}],"wp:term":[{"taxonomy":"category","embeddable":true,"href":"https:\/\/infonews.az\/index.php?rest_route=%2Fwp%2Fv2%2Fcategories&post=33511"},{"taxonomy":"post_tag","embeddable":true,"href":"https:\/\/infonews.az\/index.php?rest_route=%2Fwp%2Fv2%2Ftags&post=33511"}],"curies":[{"name":"wp","href":"https:\/\/api.w.org\/{rel}","templated":true}]}}