{"id":33546,"date":"2023-03-31T12:24:33","date_gmt":"2023-03-31T08:24:33","guid":{"rendered":"https:\/\/infonews.az\/?p=33546"},"modified":"2023-03-31T12:24:33","modified_gmt":"2023-03-31T08:24:33","slug":"israil-xin-bascisi-il%c9%99-abs-dovl%c9%99t-katibi-arasinda-telefon-danisigi-olub","status":"publish","type":"post","link":"https:\/\/infonews.az\/?p=33546","title":{"rendered":"\u0130srail X\u0130N ba\u015f\u00e7\u0131s\u0131 il\u0259 AB\u015e d\u00f6vl\u0259t katibi aras\u0131nda telefon dan\u0131\u015f\u0131\u011f\u0131 olub"},"content":{"rendered":"<p><span style=\"color: #ffffff\">\u0130srail X\u0130N ba\u015f\u00e7\u0131s\u0131 il\u0259 AB\u015e d\u00f6vl\u0259t katibi aras\u0131nda telefon dan\u0131\u015f\u0131\u011f\u0131 olub<\/span><\/p>\n<blockquote><p><strong>\u0130srailin xarici i\u015fl\u0259r naziri Eli Kohenl\u0259 AB\u015e-\u0131n d\u00f6vl\u0259t katibi Entoni Blinken aras\u0131nda telefon dan\u0131\u015f\u0131\u011f\u0131 olub.<\/strong><\/p><\/blockquote>\n<p><strong><a href=\"http:\/\/\u0130NFONEWS\">\u0130NFONEWS<\/a><\/strong>\u00a0x\u0259b\u0259r verir ki, bunu E.Kohen tviterd\u0259 yaz\u0131b.<\/p>\n<p>O bildirib ki, \u0130srail v\u0259t\u0259nda\u015flar\u0131n\u0131n AB\u015e-a vizas\u0131z s\u0259f\u0259ri m\u0259s\u0259l\u0259sini m\u00fczakir\u0259 edibl\u0259r.<\/p>\n<p>\u201cAB\u015e il\u0259 m\u00fcnasib\u0259tl\u0259r bizim xarici siyas\u0259timizin \u0259sas istiqam\u0259tl\u0259rind\u0259n biridir. Biz dostlar\u0131m\u0131zla dialoqu geni\u015fl\u0259ndirm\u0259k \u00fc\u00e7\u00fcn \u00e7al\u0131\u015faca\u011f\u0131q\u201d, &#8211; \u0130srailin X\u0130N ba\u015f\u00e7\u0131s\u0131 vur\u011fulay\u0131b.<\/p>\n<p>Qeyd ed\u0259k ki, daha \u0259vv\u0259l \u0130srailin Ba\u015f naziri Benyamin Netenyahu bildirmi\u015fdi ki, \u0130srail v\u0259t\u0259nda\u015flar\u0131n\u0131n AB\u015e-a s\u0259f\u0259ri \u00fc\u00e7\u00fcn b\u00fct\u00fcn qanuni t\u0259l\u0259bl\u0259r yerin\u0259 yetirilib.<\/p>\n<p>&nbsp;<\/p>\n<p><strong>\u018fziz\u0259 \u018flizad\u0259<\/strong><\/p>\n<p><strong>\u00a9 Materiallardan istifad\u0259 ed\u0259rk\u0259n hiperlinkl\u0259 istinad olunmal\u0131d\u0131r<\/strong><\/p>\n<p><strong><a href=\"http:\/\/\u0130NFONEWS\">\u0130NFONEWS<\/a><\/strong><\/p>\n","protected":false},"excerpt":{"rendered":"<p>\u0130srail X\u0130N ba\u015f\u00e7\u0131s\u0131 il\u0259 AB\u015e d\u00f6vl\u0259t katibi aras\u0131nda telefon dan\u0131\u015f\u0131\u011f\u0131 olub \u0130srailin xarici i\u015fl\u0259r naziri Eli Kohenl\u0259 AB\u015e-\u0131n d\u00f6vl\u0259t katibi Entoni Blinken aras\u0131nda telefon dan\u0131\u015f\u0131\u011f\u0131 olub. \u0130NFONEWS\u00a0x\u0259b\u0259r verir ki, bunu&hellip; <\/p>\n","protected":false},"author":14,"featured_media":33547,"comment_status":"open","ping_status":"open","sticky":false,"template":"","format":"standard","meta":{"_mi_skip_tracking":false,"_monsterinsights_sitenote_active":false,"_monsterinsights_sitenote_note":"","_monsterinsights_sitenote_category":0,"footnotes":""},"categories":[9],"tags":[8526,10091,6736,7514,153,6360,15,183,4990,6002,5702],"aioseo_notices":[],"_links":{"self":[{"href":"https:\/\/infonews.az\/index.php?rest_route=\/wp\/v2\/posts\/33546"}],"collection":[{"href":"https:\/\/infonews.az\/index.php?rest_route=\/wp\/v2\/posts"}],"about":[{"href":"https:\/\/infonews.az\/index.php?rest_route=\/wp\/v2\/types\/post"}],"author":[{"embeddable":true,"href":"https:\/\/infonews.az\/index.php?rest_route=\/wp\/v2\/users\/14"}],"replies":[{"embeddable":true,"href":"https:\/\/infonews.az\/index.php?rest_route=%2Fwp%2Fv2%2Fcomments&post=33546"}],"version-history":[{"count":1,"href":"https:\/\/infonews.az\/index.php?rest_route=\/wp\/v2\/posts\/33546\/revisions"}],"predecessor-version":[{"id":33548,"href":"https:\/\/infonews.az\/index.php?rest_route=\/wp\/v2\/posts\/33546\/revisions\/33548"}],"wp:featuredmedia":[{"embeddable":true,"href":"https:\/\/infonews.az\/index.php?rest_route=\/wp\/v2\/media\/33547"}],"wp:attachment":[{"href":"https:\/\/infonews.az\/index.php?rest_route=%2Fwp%2Fv2%2Fmedia&parent=33546"}],"wp:term":[{"taxonomy":"category","embeddable":true,"href":"https:\/\/infonews.az\/index.php?rest_route=%2Fwp%2Fv2%2Fcategories&post=33546"},{"taxonomy":"post_tag","embeddable":true,"href":"https:\/\/infonews.az\/index.php?rest_route=%2Fwp%2Fv2%2Ftags&post=33546"}],"curies":[{"name":"wp","href":"https:\/\/api.w.org\/{rel}","templated":true}]}}