{"id":33592,"date":"2023-03-31T23:29:57","date_gmt":"2023-03-31T19:29:57","guid":{"rendered":"https:\/\/infonews.az\/?p=33592"},"modified":"2023-03-31T23:29:57","modified_gmt":"2023-03-31T19:29:57","slug":"nato-da-iscil%c9%99r%c9%99-tiktokdan-istifad%c9%99-qadagan-edilib","status":"publish","type":"post","link":"https:\/\/infonews.az\/?p=33592","title":{"rendered":"NATO-da i\u015f\u00e7il\u0259r\u0259 \u201cTikTok\u201ddan istifad\u0259 qada\u011fan edilib"},"content":{"rendered":"<p><span style=\"color: #ffffff\">NATO-da i\u015f\u00e7il\u0259r\u0259 \u201cTikTok\u201ddan istifad\u0259 qada\u011fan edilib<\/span><\/p>\n<blockquote><p><strong>NATO t\u0259hl\u00fck\u0259sizlik s\u0259b\u0259bi il\u0259 i\u015f\u00e7il\u0259rin\u0259 \u201cTikTok\u201d sosial \u015f\u0259b\u0259k\u0259 t\u0259tbiqini i\u015f cihazlar\u0131na y\u00fckl\u0259m\u0259yi qada\u011fan edib.<\/strong><\/p><\/blockquote>\n<p><strong><a href=\"http:\/\/\u0130NFONEWS\">\u0130NFONEWS<\/a><\/strong>\u00a0x\u0259b\u0259r verir ki, bu bar\u0259d\u0259 NATO n\u00fcmay\u0259nd\u0259l\u0259rin\u0259 istinad\u0259n CNN m\u0259lumat yay\u0131b.<\/p>\n<p>\u201cKibert\u0259hl\u00fck\u0259sizlik NATO \u00fc\u00e7\u00fcn \u0259sas prioritetdir. NATO-nun r\u0259smi istifad\u0259 \u00fc\u00e7\u00fcn proqramlar\u0131n se\u00e7ilm\u0259si il\u0259 ba\u011fl\u0131 ciddi t\u0259l\u0259bl\u0259ri var. \u201cTikTok\u201d NATO-nun t\u0259qdim etdiyi cihazlarda m\u00f6vcud deyil\u201d, &#8211; alyans\u0131n y\u00fcks\u0259k s\u0259viyy\u0259li r\u0259smisi telekanala bildirib.<\/p>\n<p>Qeyd olunub ki, art\u0131q NATO r\u0259hb\u0259rliyi s\u0259h\u0259r saatlar\u0131nda \u00f6z \u0259m\u0259kda\u015flar\u0131na bildiri\u015f g\u00f6nd\u0259rib. M\u0259ktubla qada\u011fa r\u0259smil\u0259\u015fib.<\/p>\n<p>&nbsp;<\/p>\n<p><strong>\u018fziz\u0259 \u018flizad\u0259<\/strong><\/p>\n<p><strong>\u00a9 Materiallardan istifad\u0259 ed\u0259rk\u0259n hiperlinkl\u0259 istinad olunmal\u0131d\u0131r<\/strong><\/p>\n<p><strong><a href=\"http:\/\/\u0130NFONEWS\">\u0130NFONEWS<\/a><\/strong><\/p>\n","protected":false},"excerpt":{"rendered":"<p>NATO-da i\u015f\u00e7il\u0259r\u0259 \u201cTikTok\u201ddan istifad\u0259 qada\u011fan edilib NATO t\u0259hl\u00fck\u0259sizlik s\u0259b\u0259bi il\u0259 i\u015f\u00e7il\u0259rin\u0259 \u201cTikTok\u201d sosial \u015f\u0259b\u0259k\u0259 t\u0259tbiqini i\u015f cihazlar\u0131na y\u00fckl\u0259m\u0259yi qada\u011fan edib. \u0130NFONEWS\u00a0x\u0259b\u0259r verir ki, bu bar\u0259d\u0259 NATO n\u00fcmay\u0259nd\u0259l\u0259rin\u0259 istinad\u0259n CNN m\u0259lumat&hellip; <\/p>\n","protected":false},"author":14,"featured_media":33593,"comment_status":"open","ping_status":"open","sticky":false,"template":"","format":"standard","meta":{"_mi_skip_tracking":false,"_monsterinsights_sitenote_active":false,"_monsterinsights_sitenote_note":"","_monsterinsights_sitenote_category":0,"footnotes":""},"categories":[9,10176,8],"tags":[10182,7634,1174,15,674,4372,723],"aioseo_notices":[],"_links":{"self":[{"href":"https:\/\/infonews.az\/index.php?rest_route=\/wp\/v2\/posts\/33592"}],"collection":[{"href":"https:\/\/infonews.az\/index.php?rest_route=\/wp\/v2\/posts"}],"about":[{"href":"https:\/\/infonews.az\/index.php?rest_route=\/wp\/v2\/types\/post"}],"author":[{"embeddable":true,"href":"https:\/\/infonews.az\/index.php?rest_route=\/wp\/v2\/users\/14"}],"replies":[{"embeddable":true,"href":"https:\/\/infonews.az\/index.php?rest_route=%2Fwp%2Fv2%2Fcomments&post=33592"}],"version-history":[{"count":1,"href":"https:\/\/infonews.az\/index.php?rest_route=\/wp\/v2\/posts\/33592\/revisions"}],"predecessor-version":[{"id":33594,"href":"https:\/\/infonews.az\/index.php?rest_route=\/wp\/v2\/posts\/33592\/revisions\/33594"}],"wp:featuredmedia":[{"embeddable":true,"href":"https:\/\/infonews.az\/index.php?rest_route=\/wp\/v2\/media\/33593"}],"wp:attachment":[{"href":"https:\/\/infonews.az\/index.php?rest_route=%2Fwp%2Fv2%2Fmedia&parent=33592"}],"wp:term":[{"taxonomy":"category","embeddable":true,"href":"https:\/\/infonews.az\/index.php?rest_route=%2Fwp%2Fv2%2Fcategories&post=33592"},{"taxonomy":"post_tag","embeddable":true,"href":"https:\/\/infonews.az\/index.php?rest_route=%2Fwp%2Fv2%2Ftags&post=33592"}],"curies":[{"name":"wp","href":"https:\/\/api.w.org\/{rel}","templated":true}]}}