{"id":33602,"date":"2023-04-01T12:21:40","date_gmt":"2023-04-01T08:21:40","guid":{"rendered":"https:\/\/infonews.az\/?p=33602"},"modified":"2023-04-01T12:21:40","modified_gmt":"2023-04-01T08:21:40","slug":"mudafi%c9%99-nazirliyind%c9%99-xidm%c9%99ti-musavir%c9%99-kecirilib-qarabag-iqtisadi-rayonunda-movcud-%c9%99m%c9%99liyyat-s%c9%99raiti-t%c9%99hlil-edilib","status":"publish","type":"post","link":"https:\/\/infonews.az\/?p=33602","title":{"rendered":"M\u00fcdafi\u0259 Nazirliyind\u0259 xidm\u0259ti m\u00fc\u015favir\u0259 ke\u00e7irilib, Qaraba\u011f iqtisadi rayonunda m\u00f6vcud \u0259m\u0259liyyat \u015f\u0259raiti t\u0259hlil edilib"},"content":{"rendered":"<p><span style=\"color: #ffffff;\">M\u00fcdafi\u0259 Nazirliyind\u0259 xidm\u0259ti m\u00fc\u015favir\u0259 ke\u00e7irilib, Qaraba\u011f iqtisadi rayonunda m\u00f6vcud \u0259m\u0259liyyat \u015f\u0259raiti t\u0259hlil edilib<\/span><\/p>\n<blockquote><p><strong>Aprelin 1-d\u0259 m\u00fcdafi\u0259 naziri general-polkovnik Zakir H\u0259s\u0259novun r\u0259hb\u0259rliyi il\u0259 xidm\u0259ti m\u00fc\u015favir\u0259 ke\u00e7irilib, Qaraba\u011f iqtisadi rayonunda m\u00f6vcud \u0259m\u0259liyyat \u015f\u0259raiti t\u0259hlil edilib.<\/strong><\/p><\/blockquote>\n<p>Bu bar\u0259d\u0259 <strong><a href=\"http:\/\/\u0130NFONEWS\">\u0130NFONEWS<\/a><\/strong>-a M\u00fcdafi\u0259 Nazirliyind\u0259n m\u0259lumat verilib.<\/p>\n<p>Bildirilib ki, m\u00fc\u015favir\u0259d\u0259 nazir m\u00fcavinl\u0259ri, qo\u015fun n\u00f6v\u00fc komandanlar\u0131, nazirliyin ba\u015f idar\u0259, idar\u0259 v\u0259 xidm\u0259t r\u0259isl\u0259ri, el\u0259c\u0259 d\u0259 videoba\u011flant\u0131 vasit\u0259sil\u0259 h\u0259rbi birlik v\u0259 birl\u0259\u015fm\u0259 komandirl\u0259ri i\u015ftirak edibl\u0259r.<\/p>\n<p>\u018fvv\u0259lc\u0259 Az\u0259rbaycan xalq\u0131n\u0131n \u00dcmummilli Lideri Heyd\u0259r \u018fliyevin v\u0259 torpaqlar\u0131m\u0131z\u0131n azadl\u0131\u011f\u0131, \u0259razi b\u00fct\u00f6vl\u00fcy\u00fc u\u011frunda \u015f\u0259hid olan V\u0259t\u0259n \u00f6vladlar\u0131n\u0131n, h\u0259m\u00e7inin 31 mart soyq\u0131r\u0131m\u0131 qurbanlar\u0131n\u0131n xatir\u0259si bir d\u0259qiq\u0259lik s\u00fckutla yad edilib.<\/p>\n<p>Az\u0259rbaycan Respublikas\u0131n\u0131n Prezidenti \u0130lham \u018fliyevin Az\u0259rbaycan Ordusu qar\u015f\u0131s\u0131nda qoydu\u011fu v\u0259zif\u0259l\u0259ri m\u00fc\u015favir\u0259 i\u015ftirak\u00e7\u0131lar\u0131na \u00e7atd\u0131ran nazir h\u0259yata ke\u00e7iril\u0259n son \u0259m\u0259liyyatlar\u0131n planla\u015fd\u0131r\u0131lmas\u0131na v\u0259 icras\u0131na c\u0259lb olunan \u015f\u0259xsi hey\u0259t\u0259, x\u00fcsusil\u0259 birlikl\u0259rin komando hey\u0259tin\u0259 g\u00f6st\u0259rdikl\u0259ri pe\u015f\u0259karl\u0131\u011fa g\u00f6r\u0259 Ali Ba\u015f Komandan ad\u0131ndan t\u0259\u015f\u0259kk\u00fcr edib, onlar\u0131n f\u0259aliyy\u0259tinin y\u00fcks\u0259k qiym\u0259tl\u0259ndirildiyini bildirib. Q\u0131sa m\u00fcdd\u0259t \u0259rzind\u0259 icra olunan lokal \u0259m\u0259liyyatlar\u0131n Ordumuzun y\u00fcks\u0259k d\u00f6y\u00fc\u015f \u0259zminin n\u00f6vb\u0259ti g\u00f6st\u0259ricisi oldu\u011funu qeyd edib.<\/p>\n<p>Az\u0259rbaycan Ordusunun u\u011furlu \u0259m\u0259liyyatlar\u0131n\u0131 h\u0259zm ed\u0259 bilm\u0259y\u0259nl\u0259r t\u0259r\u0259find\u0259n s\u0259sl\u0259ndiril\u0259n fikirl\u0259ri \u015f\u0259rh ed\u0259n m\u00fcdafi\u0259 naziri he\u00e7 k\u0259sin biziml\u0259 t\u0259hdid dilind\u0259 dan\u0131\u015fa bilm\u0259y\u0259c\u0259yini vur\u011fulayaraq terrorizmi v\u0259 i\u015f\u011fal\u00e7\u0131l\u0131q siyas\u0259tini d\u0259st\u0259kl\u0259y\u0259n b\u0259zi \u00f6lk\u0259l\u0259rin h\u0259rb\u00e7il\u0259rinin \u015f\u0259r-b\u00f6htan xarakterli ittihamlar\u0131n\u0131n q\u0259buledilm\u0259z v\u0259 c\u0259f\u0259ngiyyat oldu\u011funu bildirib.<\/p>\n<p>Az\u0259rbaycan-Erm\u0259nistan \u015f\u0259rti d\u00f6vl\u0259t s\u0259rh\u0259dind\u0259 v\u0259 Qaraba\u011f iqtisadi rayonunda m\u00f6vcud \u0259m\u0259liyyat \u015f\u0259raitini t\u0259hlil ed\u0259n m\u00fcdafi\u0259 naziri ehtimal olunan t\u0259xribatlar\u0131n qar\u015f\u0131s\u0131n\u0131n bundan sonra da q\u0259tiyy\u0259tl\u0259 al\u0131nmas\u0131 bar\u0259d\u0259 m\u00fcvafiq g\u00f6st\u0259ri\u015fl\u0259r verib.<\/p>\n<p>M\u00fcdafi\u0259 naziri qeyd edib ki, qar\u015f\u0131 t\u0259r\u0259fin, o c\u00fcml\u0259d\u0259n qeyri-qanuni erm\u0259ni silahl\u0131 birl\u0259\u015fm\u0259l\u0259rinin b\u00fct\u00fcn qanunsuz f\u0259aliyy\u0259tl\u0259ri bundan sonra da fasil\u0259siz n\u0259zar\u0259td\u0259 saxlan\u0131lmal\u0131 v\u0259 Az\u0259rbaycan \u0259razil\u0259rind\u0259 g\u0259l\u0259c\u0259kd\u0259 bu kimi add\u0131mlar\u0131n at\u0131lmas\u0131na imkan verilm\u0259m\u0259lidir.<\/p>\n<p>General-polkovnik Z.H\u0259s\u0259nov real d\u00f6y\u00fc\u015f \u015f\u0259raitin\u0259 uy\u011fun ke\u00e7iril\u0259n t\u0259lim v\u0259 m\u0259\u015fql\u0259rin intensivliyinin art\u0131r\u0131lmas\u0131n\u0131n, h\u0259m\u00e7inin silahlanmada olan m\u00fcasir silah v\u0259 h\u0259rbi texnikan\u0131n effektiv t\u0259tbiqi \u00fcsullar\u0131n\u0131n t\u0259kmill\u0259\u015fdirilm\u0259sinin \u0259h\u0259miyy\u0259tini x\u00fcsusi qeyd edib.<\/p>\n<p>M\u00fcdafi\u0259 naziri t\u0259hl\u00fck\u0259sizlik qaydalar\u0131na, el\u0259c\u0259 d\u0259 yan\u011f\u0131n \u0259leyhin\u0259 z\u0259ruri t\u0259dbirl\u0259r\u0259 ciddi \u0259m\u0259l edilm\u0259sinin vacibliyini bir daha xat\u0131rlad\u0131b.<\/p>\n<p>Nazir \u015f\u0259xsi hey\u0259t\u0259 diqq\u0259t v\u0259 qay\u011f\u0131n\u0131n art\u0131r\u0131lmas\u0131, onlar\u0131n tibbi t\u0259minat\u0131n\u0131n m\u00f6vs\u00fcm\u00fcn t\u0259l\u0259bl\u0259rin\u0259 uy\u011fun ciddi n\u0259zar\u0259td\u0259 saxlan\u0131lmas\u0131, x\u00fcsusil\u0259 d\u0259 xidm\u0259t\u0259 yeni g\u0259l\u0259n g\u0259nc \u0259sg\u0259rl\u0259rin adaptasiya prosesin\u0259 h\u0259ssasl\u0131qla yana\u015f\u0131lmas\u0131 bar\u0259d\u0259 komandir hey\u0259tin\u0259 t\u00f6vsiy\u0259l\u0259rini \u00e7atd\u0131r\u0131b.<\/p>\n<p>\u015e\u0259xsi hey\u0259tin xidm\u0259ti-d\u00f6y\u00fc\u015f v\u0259 sosial-m\u0259i\u015f\u0259t \u015f\u0259raitinin daima yax\u015f\u0131la\u015fd\u0131r\u0131lmas\u0131n\u0131n h\u0259rbi qulluq\u00e7ular\u0131n m\u0259n\u0259vi-psixoloji v\u0259ziyy\u0259tind\u0259, el\u0259c\u0259 d\u0259 d\u00f6y\u00fc\u015f ruhunun y\u00fcks\u0259k s\u0259viyy\u0259d\u0259 saxlan\u0131lmas\u0131nda m\u00fch\u00fcm rol oynad\u0131\u011f\u0131n\u0131 qeyd ed\u0259n nazir bu istiqam\u0259td\u0259 g\u00f6r\u00fcl\u0259n i\u015fl\u0259rin planl\u0131 \u015f\u0259kild\u0259 davam etdirilm\u0259sin\u0259 dair \u0259lav\u0259 g\u00f6st\u0259ri\u015fl\u0259r verib.<\/p>\n<p>Sonda general-polkovnik Z.H\u0259s\u0259nov azad edilmi\u015f \u0259razil\u0259rd\u0259, h\u0259m\u00e7inin yeni n\u0259zar\u0259t\u0259 g\u00f6t\u00fcr\u00fcl\u0259n y\u00fcks\u0259klik v\u0259 m\u00f6vqel\u0259rimizd\u0259 m\u00fch\u0259ndis t\u0259minat\u0131 t\u0259dbirl\u0259rinin daha keyfiyy\u0259tli yerin\u0259 yetirilm\u0259si bar\u0259d\u0259 konkret tap\u015f\u0131r\u0131qlar verib.<\/p>\n<p>&nbsp;<\/p>\n<p><strong>\u018fziz\u0259 \u018flizad\u0259<\/strong><\/p>\n<p><strong>\u00a9 Materiallardan istifad\u0259 ed\u0259rk\u0259n hiperlinkl\u0259 istinad olunmal\u0131d\u0131r<\/strong><\/p>\n<p><strong><a href=\"http:\/\/\u0130NFONEWS\">\u0130NFONEWS<\/a><\/strong><\/p>\n","protected":false},"excerpt":{"rendered":"<p>M\u00fcdafi\u0259 Nazirliyind\u0259 xidm\u0259ti m\u00fc\u015favir\u0259 ke\u00e7irilib, Qaraba\u011f iqtisadi rayonunda m\u00f6vcud \u0259m\u0259liyyat \u015f\u0259raiti t\u0259hlil edilib Aprelin 1-d\u0259 m\u00fcdafi\u0259 naziri general-polkovnik Zakir H\u0259s\u0259novun r\u0259hb\u0259rliyi il\u0259 xidm\u0259ti m\u00fc\u015favir\u0259 ke\u00e7irilib, Qaraba\u011f iqtisadi rayonunda m\u00f6vcud \u0259m\u0259liyyat&hellip; <\/p>\n","protected":false},"author":14,"featured_media":33600,"comment_status":"open","ping_status":"open","sticky":false,"template":"","format":"standard","meta":{"_mi_skip_tracking":false,"_monsterinsights_sitenote_active":false,"_monsterinsights_sitenote_note":"","_monsterinsights_sitenote_category":0,"footnotes":""},"categories":[4,6664,11],"tags":[9052,10201,10199,10081,10198,10200,15,41,7467,281],"aioseo_notices":[],"_links":{"self":[{"href":"https:\/\/infonews.az\/index.php?rest_route=\/wp\/v2\/posts\/33602"}],"collection":[{"href":"https:\/\/infonews.az\/index.php?rest_route=\/wp\/v2\/posts"}],"about":[{"href":"https:\/\/infonews.az\/index.php?rest_route=\/wp\/v2\/types\/post"}],"author":[{"embeddable":true,"href":"https:\/\/infonews.az\/index.php?rest_route=\/wp\/v2\/users\/14"}],"replies":[{"embeddable":true,"href":"https:\/\/infonews.az\/index.php?rest_route=%2Fwp%2Fv2%2Fcomments&post=33602"}],"version-history":[{"count":1,"href":"https:\/\/infonews.az\/index.php?rest_route=\/wp\/v2\/posts\/33602\/revisions"}],"predecessor-version":[{"id":33604,"href":"https:\/\/infonews.az\/index.php?rest_route=\/wp\/v2\/posts\/33602\/revisions\/33604"}],"wp:featuredmedia":[{"embeddable":true,"href":"https:\/\/infonews.az\/index.php?rest_route=\/wp\/v2\/media\/33600"}],"wp:attachment":[{"href":"https:\/\/infonews.az\/index.php?rest_route=%2Fwp%2Fv2%2Fmedia&parent=33602"}],"wp:term":[{"taxonomy":"category","embeddable":true,"href":"https:\/\/infonews.az\/index.php?rest_route=%2Fwp%2Fv2%2Fcategories&post=33602"},{"taxonomy":"post_tag","embeddable":true,"href":"https:\/\/infonews.az\/index.php?rest_route=%2Fwp%2Fv2%2Ftags&post=33602"}],"curies":[{"name":"wp","href":"https:\/\/api.w.org\/{rel}","templated":true}]}}