{"id":33712,"date":"2023-04-03T18:12:21","date_gmt":"2023-04-03T14:12:21","guid":{"rendered":"https:\/\/infonews.az\/?p=33712"},"modified":"2023-04-03T18:12:21","modified_gmt":"2023-04-03T14:12:21","slug":"ceyhun-bayramov-italiyanin-xarici-isl%c9%99r-v%c9%99-beyn%c9%99lxalq-%c9%99m%c9%99kdasliq-nazirinin-muavini-il%c9%99-gorusub","status":"publish","type":"post","link":"https:\/\/infonews.az\/?p=33712","title":{"rendered":"Ceyhun Bayramov \u0130taliyan\u0131n xarici i\u015fl\u0259r v\u0259 beyn\u0259lxalq \u0259m\u0259kda\u015fl\u0131q nazirinin m\u00fcavini il\u0259 g\u00f6r\u00fc\u015f\u00fcb"},"content":{"rendered":"<p><span style=\"color: #ffffff;\">Ceyhun Bayramov \u0130taliyan\u0131n xarici i\u015fl\u0259r v\u0259 beyn\u0259lxalq \u0259m\u0259kda\u015fl\u0131q nazirinin m\u00fcavini il\u0259 g\u00f6r\u00fc\u015f\u00fcb<\/span><\/p>\n<p>Az\u0259rbaycan xarici i\u015fl\u0259r naziri Ceyhun Bayramov il\u0259 \u0130taliya Respublikas\u0131n\u0131n xarici i\u015fl\u0259r v\u0259 beyn\u0259lxalq \u0259m\u0259kda\u015fl\u0131q nazirinin m\u00fcavini Edmondo \u00c7irielli aras\u0131nda g\u00f6r\u00fc\u015f ke\u00e7irilib.<\/p>\n<p><a href=\"http:\/\/\u0130NFONEWS\"><strong>\u0130NFONEWS<\/strong><\/a>\u00a0x\u0259b\u0259r verir ki,bu bar\u0259d\u0259 Az\u0259rbaycan X\u0130N-d\u0259n bildirilib.<\/p>\n<p>Bildirilib ki, g\u00f6r\u00fc\u015fd\u0259 Az\u0259rbaycan v\u0259 \u0130taliya aras\u0131nda ikit\u0259r\u0259fli \u00e7\u0259r\u00e7iv\u0259d\u0259 m\u00f6vcud \u0259m\u0259kda\u015fl\u0131qdan m\u0259mnunluq ifad\u0259 olunub v\u0259 iki \u00f6lk\u0259 aras\u0131nda siyasi, t\u0259hl\u00fck\u0259sizlik, iqtisadi, ticar\u0259t, energetika, humanitar, t\u0259hsil v\u0259 dig\u0259r sah\u0259l\u0259rd\u0259 \u00e7ox\u00f6l\u00e7\u00fcl\u00fc strateji t\u0259r\u0259fda\u015fl\u0131q \u0259laq\u0259l\u0259rinin perspektivl\u0259rind\u0259n b\u0259hs olunub.<\/p>\n<p>T\u0259r\u0259fl\u0259r h\u0259m\u00e7inin Az\u0259rbaycan\u0131n Avropa \u0130ttifaq\u0131 il\u0259 t\u0259r\u0259fda\u015fl\u0131\u011f\u0131, o c\u00fcml\u0259d\u0259n enerji v\u0259 n\u0259qliyyat layih\u0259l\u0259rind\u0259, o c\u00fcml\u0259d\u0259n alternativ enerji layih\u0259l\u0259ri istiqam\u0259tind\u0259 \u0259m\u0259kda\u015fl\u0131\u011f\u0131n geni\u015fl\u0259ndirilm\u0259si il\u0259 ba\u011fl\u0131 fikir m\u00fcbadil\u0259si apar\u0131blar.<\/p>\n<p>Nazir Ceyhun Bayramov Erm\u0259nistan\u0131n 30 il \u0259rzind\u0259 \u0259razil\u0259rimizin i\u015f\u011fal\u0131 n\u0259tic\u0259sind\u0259 t\u00f6r\u0259tdiyi vandall\u0131qlar, 2020-ci il m\u00fcharib\u0259sind\u0259n sonra Az\u0259rbaycan-Erm\u0259nistan m\u00fcnasib\u0259tl\u0259rinin normalla\u015fmas\u0131 prosesi, el\u0259c\u0259 d\u0259 iki \u00f6lk\u0259 aras\u0131nda s\u00fclh m\u00fcqavil\u0259sinin haz\u0131rlanmas\u0131 \u00fczr\u0259 dan\u0131\u015f\u0131qlar prosesi, Az\u0259rbaycan\u0131n i\u015f\u011faldan azad olunmu\u015f \u0259razil\u0259rd\u0259 b\u0259rpa v\u0259 quruculuq i\u015fl\u0259ri bar\u0259d\u0259 italyan nazir m\u00fcavinini m\u0259lumatland\u0131r\u0131b. Bununla yana\u015f\u0131, Erm\u0259nistan t\u0259r\u0259finin \u00f6hd\u0259likl\u0259rin\u0259 zidd olaraq s\u00fclh prosesin\u0259 qar\u015f\u0131 t\u00f6r\u0259tdiyi mane\u0259l\u0259r, siyasi v\u0259 h\u0259rbi t\u0259xribatlar\u0131, davam ed\u0259n mina t\u0259hdidl\u0259ri qar\u015f\u0131 t\u0259r\u0259fin diqq\u0259tin\u0259 \u00e7atd\u0131r\u0131b.<\/p>\n<p>Nazir m\u00fcavini Edmondo \u00c7irielli Az\u0259rbaycan\u0131n \u0130taliya \u00fc\u00e7\u00fcn strateji t\u0259r\u0259fda\u015f oldu\u011funu qeyd ed\u0259r\u0259k, m\u00fcnaqi\u015f\u0259nin ba\u015fa \u00e7atmas\u0131 il\u0259 b\u00fct\u00fcn b\u00f6lg\u0259d\u0259 yeni d\u00f6vr\u00fcn ba\u015flad\u0131\u011f\u0131n\u0131 v\u0259 daha \u0259lveri\u015fli imkanlar\u0131n yarand\u0131\u011f\u0131n\u0131 qeyd edib. O, h\u0259m\u00e7inin iki \u00f6lk\u0259 aras\u0131nda m\u00fcnasib\u0259tl\u0259rin h\u0259rt\u0259r\u0259fli geni\u015fl\u0259ndirilm\u0259si \u00fc\u00e7\u00fcn yeni imkanlar v\u0259 \u0259m\u0259kda\u015fl\u0131\u011f\u0131n inki\u015faf perspektivl\u0259ri bar\u0259d\u0259 dan\u0131\u015f\u0131b.<\/p>\n<p>G\u00f6r\u00fc\u015f zaman\u0131, h\u0259m\u00e7inin qar\u015f\u0131l\u0131ql\u0131 maraq do\u011furan dig\u0259r beyn\u0259lxalq v\u0259 regional m\u0259s\u0259l\u0259l\u0259r m\u00fczakir\u0259 olunub.<\/p>\n<p>&nbsp;<\/p>\n<p><strong>\u018fziz\u0259 \u018flizad\u0259<\/strong><\/p>\n<p><strong>\u00a9 Materiallardan istifad\u0259 ed\u0259rk\u0259n hiperlinkl\u0259 istinad olunmal\u0131d\u0131r<\/strong><\/p>\n<p><strong><a href=\"http:\/\/\u0130NFONEWS\">\u0130NFONEWS<\/a><\/strong><\/p>\n<p>&nbsp;<\/p>\n","protected":false},"excerpt":{"rendered":"<p>Ceyhun Bayramov \u0130taliyan\u0131n xarici i\u015fl\u0259r v\u0259 beyn\u0259lxalq \u0259m\u0259kda\u015fl\u0131q nazirinin m\u00fcavini il\u0259 g\u00f6r\u00fc\u015f\u00fcb Az\u0259rbaycan xarici i\u015fl\u0259r naziri Ceyhun Bayramov il\u0259 \u0130taliya Respublikas\u0131n\u0131n xarici i\u015fl\u0259r v\u0259 beyn\u0259lxalq \u0259m\u0259kda\u015fl\u0131q nazirinin m\u00fcavini Edmondo \u00c7irielli&hellip; <\/p>\n","protected":false},"author":14,"featured_media":33713,"comment_status":"open","ping_status":"open","sticky":false,"template":"","format":"standard","meta":{"_mi_skip_tracking":false,"_monsterinsights_sitenote_active":false,"_monsterinsights_sitenote_note":"","_monsterinsights_sitenote_category":0,"footnotes":""},"categories":[6,11,10171,10190],"tags":[10262,10260,10259,10261,6857,1040,220,15,6295,51],"aioseo_notices":[],"_links":{"self":[{"href":"https:\/\/infonews.az\/index.php?rest_route=\/wp\/v2\/posts\/33712"}],"collection":[{"href":"https:\/\/infonews.az\/index.php?rest_route=\/wp\/v2\/posts"}],"about":[{"href":"https:\/\/infonews.az\/index.php?rest_route=\/wp\/v2\/types\/post"}],"author":[{"embeddable":true,"href":"https:\/\/infonews.az\/index.php?rest_route=\/wp\/v2\/users\/14"}],"replies":[{"embeddable":true,"href":"https:\/\/infonews.az\/index.php?rest_route=%2Fwp%2Fv2%2Fcomments&post=33712"}],"version-history":[{"count":1,"href":"https:\/\/infonews.az\/index.php?rest_route=\/wp\/v2\/posts\/33712\/revisions"}],"predecessor-version":[{"id":33714,"href":"https:\/\/infonews.az\/index.php?rest_route=\/wp\/v2\/posts\/33712\/revisions\/33714"}],"wp:featuredmedia":[{"embeddable":true,"href":"https:\/\/infonews.az\/index.php?rest_route=\/wp\/v2\/media\/33713"}],"wp:attachment":[{"href":"https:\/\/infonews.az\/index.php?rest_route=%2Fwp%2Fv2%2Fmedia&parent=33712"}],"wp:term":[{"taxonomy":"category","embeddable":true,"href":"https:\/\/infonews.az\/index.php?rest_route=%2Fwp%2Fv2%2Fcategories&post=33712"},{"taxonomy":"post_tag","embeddable":true,"href":"https:\/\/infonews.az\/index.php?rest_route=%2Fwp%2Fv2%2Ftags&post=33712"}],"curies":[{"name":"wp","href":"https:\/\/api.w.org\/{rel}","templated":true}]}}