{"id":33769,"date":"2023-04-04T17:23:07","date_gmt":"2023-04-04T13:23:07","guid":{"rendered":"https:\/\/infonews.az\/?p=33769"},"modified":"2023-04-04T17:23:07","modified_gmt":"2023-04-04T13:23:07","slug":"ceyhun-bayramov-unesco-r%c9%99smisi-il%c9%99-gorusub","status":"publish","type":"post","link":"https:\/\/infonews.az\/?p=33769","title":{"rendered":"Ceyhun Bayramov UNESCO r\u0259smisi il\u0259 g\u00f6r\u00fc\u015f\u00fcb"},"content":{"rendered":"<p><span style=\"color: #ffffff;\">Ceyhun Bayramov UNESCO r\u0259smisi il\u0259 g\u00f6r\u00fc\u015f\u00fcb<\/span><\/p>\n<blockquote><p><strong>Az\u0259rbaycan Respublikas\u0131n\u0131n xarici i\u015fl\u0259r naziri Ceyhun Bayramov ADA Universiteti, UNESCO \u00fczr\u0259 Az\u0259rbaycan Respublikas\u0131n\u0131n Milli Komissiyas\u0131 v\u0259 \u0130nki\u015faf v\u0259 Diplomatiya \u0130nstitutunun birg\u0259 t\u0259\u015fkilat\u00e7\u0131l\u0131\u011f\u0131 il\u0259 ke\u00e7iril\u0259n t\u0259limd\u0259 i\u015ftirak m\u0259qs\u0259dil\u0259 Az\u0259rbaycana s\u0259f\u0259r ed\u0259n UNESCO-nun \u018fddis-\u018fb\u0259b\u0259d\u0259ki Ofisinin r\u0259hb\u0259ri Rita Bissoonauth v\u0259 Qvineya Respublikas\u0131, Konqo, Kot-d\u2019\u0130vuar, Niger, Benin, Toqo, Burkina Faso, Ekvatorial Qvineya, Cibuti, Qabonun UNESCO \u00fczr\u0259 Milli Komissiyalar\u0131n\u0131n ba\u015f katibl\u0259ri il\u0259 g\u00f6r\u00fc\u015f\u00fcb.<\/strong><\/p><\/blockquote>\n<p><strong><a href=\"http:\/\/\u0130NFONEWS\">\u0130NFONEWS<\/a><\/strong>\u00a0x\u0259b\u0259r verir ki,bu bar\u0259d\u0259 Az\u0259rbaycan Xarici \u0130\u015fl\u0259r Nazirliyind\u0259n bildirilib.<\/p>\n<p>G\u00f6r\u00fc\u015fd\u0259 Az\u0259rbaycan v\u0259 Afrika \u00f6lk\u0259l\u0259ri aras\u0131nda \u00e7oxt\u0259r\u0259fli, o c\u00fcml\u0259d\u0259n UNESCO \u00e7\u0259r\u00e7iv\u0259sind\u0259 \u0259m\u0259kda\u015fl\u0131q g\u00fcnd\u0259liyind\u0259 duran m\u0259s\u0259l\u0259l\u0259r m\u00fczakir\u0259 olunub.<\/p>\n<p>C.Bayramov Az\u0259rbaycan\u0131n Qo\u015fulmama H\u0259r\u0259kat\u0131na (QH) s\u0259drliyinin \u0259laq\u0259l\u0259rin daha da inki\u015faf\u0131na t\u00f6hf\u0259 verdiyini bildir\u0259r\u0259k Az\u0259rbaycan\u0131n cari ilin mart ay\u0131nda Bak\u0131da ke\u00e7iril\u0259n QH-n\u0131n COVID-19-a qar\u015f\u0131 m\u00fcbariz\u0259 \u00fczr\u0259 T\u0259mas Qrupunun Zirv\u0259 G\u00f6r\u00fc\u015f\u00fcnd\u0259 Afrikan\u0131n v\u0259 inki\u015faf ed\u0259n ki\u00e7ik ada d\u00f6vl\u0259tl\u0259rinin pandemiyadan sonrak\u0131 b\u0259rpas\u0131na d\u0259st\u0259k g\u00f6st\u0259rm\u0259k m\u0259qs\u0259dil\u0259 2 fond \u00fczr\u0259 qlobal \u00e7a\u011f\u0131r\u0131\u015f b\u0259yan etdiyini diqq\u0259t\u0259 \u00e7atd\u0131r\u0131b.<\/p>\n<p>\u00d6lk\u0259nin Birl\u0259\u015fmi\u015f Mill\u0259tl\u0259r T\u0259\u015fkilat\u0131 (BMT) v\u0259 onun ixtisasla\u015fm\u0131\u015f qurumlar\u0131 il\u0259 \u0259m\u0259kda\u015fl\u0131\u011fa \u0259h\u0259miyy\u0259t verdiyini bildir\u0259n nazir bu x\u00fcsusda Az\u0259rbaycan\u0131n donor \u00f6lk\u0259 qismind\u0259 t\u0259hsil, m\u0259d\u0259niyy\u0259t, idman v\u0259 elm sah\u0259l\u0259rind\u0259 UNESCO il\u0259 yax\u0131ndan \u0259m\u0259kda\u015fl\u0131q etdiyini bildirib. Bu istiqam\u0259td\u0259 \u0259m\u0259kda\u015fl\u0131\u011f\u0131n daha da geni\u015fl\u0259ndirilm\u0259si sah\u0259sind\u0259 Afrika \u00f6lk\u0259l\u0259rinin UNESCO \u00fczr\u0259 Milli komissiyalar\u0131n\u0131n ba\u015f katibl\u0259ri \u00fc\u00e7\u00fcn ke\u00e7irilmi\u015f t\u0259lim proqram\u0131n\u0131n faydal\u0131 olaca\u011f\u0131na dair inam ifad\u0259 olunub.<\/p>\n<p>Az\u0259rbaycan\u0131n COVID-19 pandemiyas\u0131 d\u00f6vr\u00fcnd\u0259 qlobal t\u0259hsil koalisiyas\u0131n\u0131n \u00fczv\u00fc kimi d\u00fcnyan\u0131n m\u00fcxt\u0259lif \u00f6lk\u0259l\u0259rind\u0259 h\u0259yata ke\u00e7iril\u0259n t\u0259hsil layih\u0259l\u0259rin\u0259 d\u0259st\u0259k verdiyini bildir\u0259n Ceyhun Bayramov x\u00fcsusil\u0259 bir s\u0131ra \u00f6lk\u0259l\u0259rd\u0259 q\u0131zlar\u0131n t\u0259hsil almas\u0131na y\u00f6n\u0259l\u0259n f\u0259aliyy\u0259tl\u0259rin t\u0259\u015fviqinin prioritet istiqam\u0259tl\u0259rd\u0259n biri oldu\u011funu qeyd edib.<\/p>\n<p>Nazir h\u0259m\u00e7inin t\u0259lim i\u015ftirak\u00e7\u0131lar\u0131n\u0131 44 g\u00fcnl\u00fck V\u0259t\u0259n m\u00fcharib\u0259sind\u0259n sonra regionda yaranm\u0131\u015f v\u0259ziyy\u0259t, Az\u0259rbaycan\u0131n post-m\u00fcnaqi\u015f\u0259 d\u00f6vr\u00fcnd\u0259 b\u00f6lg\u0259d\u0259 apard\u0131\u011f\u0131 geni\u015fmiqyasl\u0131 b\u0259rpa v\u0259 quruculuq i\u015fl\u0259ri, Erm\u0259nistanla s\u00fclh prosesi bar\u0259d\u0259 m\u0259lumatland\u0131r\u0131b. Post-m\u00fcnaqi\u015f\u0259 d\u00f6vr\u00fcnd\u0259 Erm\u0259nistan t\u0259r\u0259find\u0259n s\u00fclh prosesin\u0259 mane\u00e7ilik t\u00f6r\u0259d\u0259n h\u0259rbi-siyasi t\u0259xribatlar\u0131n t\u00f6r\u0259dilm\u0259sin\u0259 baxmayaraq, Az\u0259rbaycan\u0131n s\u00fclh g\u00fcnd\u0259liyinin ir\u0259li apar\u0131lmas\u0131 istiqam\u0259tind\u0259 q\u0259rarl\u0131 oldu\u011fu diqq\u0259t\u0259 \u00e7atd\u0131r\u0131l\u0131b.<\/p>\n<p>UNESCO-nun \u018fddis-\u018fb\u0259b\u0259d\u0259ki Ofisinin r\u0259hb\u0259ri Rita Bissoonauth Afrikan\u0131n 10 \u00f6lk\u0259sinin UNESCO \u00fczr\u0259 Milli komissiyalar\u0131n\u0131n ba\u015f katibl\u0259ri \u00fc\u00e7\u00fcn n\u0259z\u0259rd\u0259 tutulmu\u015f t\u0259lim proqram\u0131n\u0131n t\u0259\u015fkilin\u0259 g\u00f6r\u0259 t\u0259\u015f\u0259kk\u00fcr edib. S\u00f6z\u00fcged\u0259n t\u0259lim proqram\u0131n\u0131n UNESCO \u00e7\u0259r\u00e7iv\u0259sind\u0259 Az\u0259rbaycan v\u0259 Afrika \u00f6lk\u0259l\u0259ri aras\u0131nda \u0259laq\u0259l\u0259rinin geni\u015fl\u0259ndirilm\u0259sind\u0259 m\u00fch\u00fcm rol oynayaca\u011f\u0131 diqq\u0259t\u0259 \u00e7atd\u0131r\u0131l\u0131b.<\/p>\n<p>&nbsp;<\/p>\n<p><strong>\u018fziz\u0259 \u018flizad\u0259<\/strong><\/p>\n<p><strong>\u00a9 Materiallardan istifad\u0259 ed\u0259rk\u0259n hiperlinkl\u0259 istinad olunmal\u0131d\u0131r<\/strong><\/p>\n<p><strong><a href=\"http:\/\/\u0130NFONEWS\">\u0130NFONEWS<\/a><\/strong><\/p>\n<p>&nbsp;<\/p>\n<p>&nbsp;<\/p>\n","protected":false},"excerpt":{"rendered":"<p>Ceyhun Bayramov UNESCO r\u0259smisi il\u0259 g\u00f6r\u00fc\u015f\u00fcb Az\u0259rbaycan Respublikas\u0131n\u0131n xarici i\u015fl\u0259r naziri Ceyhun Bayramov ADA Universiteti, UNESCO \u00fczr\u0259 Az\u0259rbaycan Respublikas\u0131n\u0131n Milli Komissiyas\u0131 v\u0259 \u0130nki\u015faf v\u0259 Diplomatiya \u0130nstitutunun birg\u0259 t\u0259\u015fkilat\u00e7\u0131l\u0131\u011f\u0131 il\u0259 ke\u00e7iril\u0259n&hellip; <\/p>\n","protected":false},"author":14,"featured_media":33770,"comment_status":"open","ping_status":"open","sticky":false,"template":"","format":"standard","meta":{"_mi_skip_tracking":false,"_monsterinsights_sitenote_active":false,"_monsterinsights_sitenote_note":"","_monsterinsights_sitenote_category":0,"footnotes":""},"categories":[11,10190],"tags":[7754,10313,10312,10315,10314,1040,15,1063],"aioseo_notices":[],"_links":{"self":[{"href":"https:\/\/infonews.az\/index.php?rest_route=\/wp\/v2\/posts\/33769"}],"collection":[{"href":"https:\/\/infonews.az\/index.php?rest_route=\/wp\/v2\/posts"}],"about":[{"href":"https:\/\/infonews.az\/index.php?rest_route=\/wp\/v2\/types\/post"}],"author":[{"embeddable":true,"href":"https:\/\/infonews.az\/index.php?rest_route=\/wp\/v2\/users\/14"}],"replies":[{"embeddable":true,"href":"https:\/\/infonews.az\/index.php?rest_route=%2Fwp%2Fv2%2Fcomments&post=33769"}],"version-history":[{"count":1,"href":"https:\/\/infonews.az\/index.php?rest_route=\/wp\/v2\/posts\/33769\/revisions"}],"predecessor-version":[{"id":33771,"href":"https:\/\/infonews.az\/index.php?rest_route=\/wp\/v2\/posts\/33769\/revisions\/33771"}],"wp:featuredmedia":[{"embeddable":true,"href":"https:\/\/infonews.az\/index.php?rest_route=\/wp\/v2\/media\/33770"}],"wp:attachment":[{"href":"https:\/\/infonews.az\/index.php?rest_route=%2Fwp%2Fv2%2Fmedia&parent=33769"}],"wp:term":[{"taxonomy":"category","embeddable":true,"href":"https:\/\/infonews.az\/index.php?rest_route=%2Fwp%2Fv2%2Fcategories&post=33769"},{"taxonomy":"post_tag","embeddable":true,"href":"https:\/\/infonews.az\/index.php?rest_route=%2Fwp%2Fv2%2Ftags&post=33769"}],"curies":[{"name":"wp","href":"https:\/\/api.w.org\/{rel}","templated":true}]}}