{"id":33773,"date":"2023-04-04T20:31:03","date_gmt":"2023-04-04T16:31:03","guid":{"rendered":"https:\/\/infonews.az\/?p=33773"},"modified":"2023-04-04T20:31:03","modified_gmt":"2023-04-04T16:31:03","slug":"xin-bascisi-az%c9%99rbaycan-erm%c9%99ni-sakinl%c9%99rin-reinteqrasiyasinda-q%c9%99rarlidir","status":"publish","type":"post","link":"https:\/\/infonews.az\/?p=33773","title":{"rendered":"X\u0130N ba\u015f\u00e7\u0131s\u0131: &#8220;Az\u0259rbaycan erm\u0259ni sakinl\u0259rin reinteqrasiyas\u0131nda q\u0259rarl\u0131d\u0131r&#8221;"},"content":{"rendered":"<p><span style=\"color: #ffffff;\">X\u0130N ba\u015f\u00e7\u0131s\u0131: &#8220;Az\u0259rbaycan erm\u0259ni sakinl\u0259rin reinteqrasiyas\u0131nda q\u0259rarl\u0131d\u0131r&#8221;<\/span><\/p>\n<blockquote><p><strong>&#8220;Az\u0259rbaycan erm\u0259ni sakinl\u0259rin reinteqrasiyas\u0131nda q\u0259rarl\u0131d\u0131r&#8221;.<\/strong><\/p><\/blockquote>\n<p><strong><a href=\"http:\/\/\u0130NFONEWS\">\u0130NFONEWS<\/a><\/strong>\u00a0x\u0259b\u0259r verir ki, bunu Az\u0259rbaycan\u0131n xarici i\u015fl\u0259r naziri Ceyhun Bayramov BMT-nin Qa\u00e7q\u0131nlar \u00fczr\u0259 Ali Komissarl\u0131\u011f\u0131n\u0131n Az\u0259rbaycana yeni t\u0259yin olunmu\u015f n\u00fcmay\u0259nd\u0259si Bik Lum il\u0259 g\u00f6r\u00fc\u015f\u00fcnd\u0259 deyib.<\/p>\n<p>G\u00f6r\u00fc\u015f zaman\u0131 m\u00fcqabil t\u0259r\u0259fi ke\u00e7mi\u015f Erm\u0259nistan-Az\u0259rbaycan m\u00fcnaqi\u015f\u0259si v\u0259 onun n\u0259tic\u0259l\u0259ri bar\u0259d\u0259 m\u0259lumatland\u0131ran nazir, Erm\u0259nistan\u0131n etnik t\u0259mizl\u0259m\u0259 siyas\u0259ti n\u0259tic\u0259sind\u0259 1 milyondan art\u0131q az\u0259rbaycanl\u0131n\u0131n qa\u00e7q\u0131n v\u0259 m\u0259cburi k\u00f6\u00e7k\u00fcn v\u0259ziyy\u0259tin\u0259 d\u00fc\u015fd\u00fcy\u00fcn\u00fc v\u0259 Az\u0259rbaycan\u0131n m\u00fcst\u0259qilliyinin ilk ill\u0259rin\u0259 t\u0259sad\u00fcf ed\u0259n bu a\u011f\u0131r d\u00f6vrd\u0259 Qa\u00e7q\u0131nlar \u00fczr\u0259 Ali Komissarl\u0131\u011f\u0131n \u00f6lk\u0259mizl\u0259 \u0259m\u0259kda\u015fl\u0131\u011f\u0131n\u0131 m\u0259mnuniyy\u0259tl\u0259 xat\u0131rlad\u0131\u011f\u0131n\u0131 bildirib.<\/p>\n<p>Nazir, h\u0259m\u00e7inin m\u00fcnaqi\u015f\u0259d\u0259n sonrak\u0131 d\u00f6vrd\u0259 i\u015f\u011faldan azad edilmi\u015f \u0259razil\u0259rd\u0259 apar\u0131lan intensiv b\u0259rpa v\u0259 yenid\u0259nqurma i\u015fl\u0259rind\u0259n b\u0259hs ed\u0259r\u0259k, bu i\u015fl\u0259r \u00e7\u0259r\u00e7iv\u0259sind\u0259 art\u0131q m\u0259cburi k\u00f6\u00e7k\u00fcnl\u0259rin A\u011fal\u0131 v\u0259 Tal\u0131\u015f k\u0259ndl\u0259rin\u0259 qay\u0131tma\u011fa ba\u015flad\u0131\u011f\u0131n\u0131 qeyd edib. Nazir Ceyhun Bayramov \u00f6lk\u0259mizin h\u0259m\u00e7inin erm\u0259ni sakinl\u0259rin reinteqrasiyas\u0131nda q\u0259rarl\u0131 oldu\u011funu vur\u011fulay\u0131b.<\/p>\n<p>Bununla yana\u015f\u0131, Az\u0259rbaycan\u0131n s\u00fclh t\u0259\u015f\u0259bb\u00fcsl\u0259rin\u0259 baxmayaraq Erm\u0259nistan t\u0259r\u0259find\u0259n h\u0259rbi-siyasi t\u0259xribatlar diqq\u0259t\u0259 \u00e7atd\u0131r\u0131l\u0131b. \u0130\u015f\u011fal d\u00f6vr\u00fcnd\u0259 beyn\u0259lxalq t\u0259\u015fkilatlar\u0131n missiyalar\u0131na imkan yaratmayan Erm\u0259nistan t\u0259r\u0259finin son zamanlar beyn\u0259lxalq t\u0259\u015fkilatlardan \u00f6z m\u0259krli niyy\u0259tl\u0259ri \u00fc\u00e7\u00fcn istifad\u0259 c\u0259hdl\u0259rinin q\u0259buledilm\u0259z oldu\u011fu vur\u011fulan\u0131b.<\/p>\n<p>&nbsp;<\/p>\n<p><strong>\u018fziz\u0259 \u018flizad\u0259<\/strong><\/p>\n<p><strong>\u00a9 Materiallardan istifad\u0259 ed\u0259rk\u0259n hiperlinkl\u0259 istinad olunmal\u0131d\u0131r<\/strong><\/p>\n<p><strong><a href=\"http:\/\/\u0130NFONEWS\">\u0130NFONEWS<\/a><\/strong><\/p>\n","protected":false},"excerpt":{"rendered":"<p>X\u0130N ba\u015f\u00e7\u0131s\u0131: &#8220;Az\u0259rbaycan erm\u0259ni sakinl\u0259rin reinteqrasiyas\u0131nda q\u0259rarl\u0131d\u0131r&#8221; &#8220;Az\u0259rbaycan erm\u0259ni sakinl\u0259rin reinteqrasiyas\u0131nda q\u0259rarl\u0131d\u0131r&#8221;. \u0130NFONEWS\u00a0x\u0259b\u0259r verir ki, bunu Az\u0259rbaycan\u0131n xarici i\u015fl\u0259r naziri Ceyhun Bayramov BMT-nin Qa\u00e7q\u0131nlar \u00fczr\u0259 Ali Komissarl\u0131\u011f\u0131n\u0131n Az\u0259rbaycana yeni t\u0259yin&hellip; <\/p>\n","protected":false},"author":14,"featured_media":33774,"comment_status":"open","ping_status":"open","sticky":false,"template":"","format":"standard","meta":{"_mi_skip_tracking":false,"_monsterinsights_sitenote_active":false,"_monsterinsights_sitenote_note":"","_monsterinsights_sitenote_category":0,"footnotes":""},"categories":[11,10171,10190],"tags":[10317,10320,10316,10318,10319,13,1040,15],"aioseo_notices":[],"_links":{"self":[{"href":"https:\/\/infonews.az\/index.php?rest_route=\/wp\/v2\/posts\/33773"}],"collection":[{"href":"https:\/\/infonews.az\/index.php?rest_route=\/wp\/v2\/posts"}],"about":[{"href":"https:\/\/infonews.az\/index.php?rest_route=\/wp\/v2\/types\/post"}],"author":[{"embeddable":true,"href":"https:\/\/infonews.az\/index.php?rest_route=\/wp\/v2\/users\/14"}],"replies":[{"embeddable":true,"href":"https:\/\/infonews.az\/index.php?rest_route=%2Fwp%2Fv2%2Fcomments&post=33773"}],"version-history":[{"count":1,"href":"https:\/\/infonews.az\/index.php?rest_route=\/wp\/v2\/posts\/33773\/revisions"}],"predecessor-version":[{"id":33775,"href":"https:\/\/infonews.az\/index.php?rest_route=\/wp\/v2\/posts\/33773\/revisions\/33775"}],"wp:featuredmedia":[{"embeddable":true,"href":"https:\/\/infonews.az\/index.php?rest_route=\/wp\/v2\/media\/33774"}],"wp:attachment":[{"href":"https:\/\/infonews.az\/index.php?rest_route=%2Fwp%2Fv2%2Fmedia&parent=33773"}],"wp:term":[{"taxonomy":"category","embeddable":true,"href":"https:\/\/infonews.az\/index.php?rest_route=%2Fwp%2Fv2%2Fcategories&post=33773"},{"taxonomy":"post_tag","embeddable":true,"href":"https:\/\/infonews.az\/index.php?rest_route=%2Fwp%2Fv2%2Ftags&post=33773"}],"curies":[{"name":"wp","href":"https:\/\/api.w.org\/{rel}","templated":true}]}}