{"id":33776,"date":"2023-04-04T20:34:56","date_gmt":"2023-04-04T16:34:56","guid":{"rendered":"https:\/\/infonews.az\/?p=33776"},"modified":"2023-04-04T20:34:56","modified_gmt":"2023-04-04T16:34:56","slug":"ilham-%c9%99liyev-beyn%c9%99lxalq-mina-x%c9%99b%c9%99rdarligi-v%c9%99-mina-f%c9%99aliyy%c9%99tin%c9%99-yardim-gunu-il%c9%99-bagli-paylasim-edib","status":"publish","type":"post","link":"https:\/\/infonews.az\/?p=33776","title":{"rendered":"\u0130lham \u018fliyev Beyn\u0259lxalq Mina X\u0259b\u0259rdarl\u0131\u011f\u0131 v\u0259 Mina F\u0259aliyy\u0259tin\u0259 Yard\u0131m G\u00fcn\u00fc il\u0259 ba\u011fl\u0131 payla\u015f\u0131m edib"},"content":{"rendered":"<p><span style=\"color: #ffffff;\">\u0130lham \u018fliyev Beyn\u0259lxalq Mina X\u0259b\u0259rdarl\u0131\u011f\u0131 v\u0259 Mina F\u0259aliyy\u0259tin\u0259 Yard\u0131m G\u00fcn\u00fc il\u0259 ba\u011fl\u0131 payla\u015f\u0131m edib<\/span><\/p>\n<blockquote><p><strong>Az\u0259rbaycan Prezidenti \u0130lham \u018fliyev sosial media hesab\u0131nda 4 Aprel &#8211; Beyn\u0259lxalq Mina X\u0259b\u0259rdarl\u0131\u011f\u0131 v\u0259 Mina F\u0259aliyy\u0259tin\u0259 Yard\u0131m G\u00fcn\u00fc il\u0259 ba\u011fl\u0131 payla\u015f\u0131m edib.<\/strong><\/p><\/blockquote>\n<p><strong><a href=\"http:\/\/\u0130NFONEWS\">\u0130NFONEWS<\/a><\/strong>\u00a0payla\u015f\u0131m\u0131 t\u0259qdim edir:<\/p>\n<p>\u201c4 Aprel &#8211; Beyn\u0259lxalq Mina X\u0259b\u0259rdarl\u0131\u011f\u0131 v\u0259 Mina F\u0259aliyy\u0259tin\u0259 Yard\u0131m G\u00fcn\u00fcd\u00fcr. Erm\u0259nistan Az\u0259rbaycan\u0131n i\u015f\u011fal edilmi\u015f \u0259razil\u0259rind\u0259 30 il \u0259rzind\u0259 1 milyondan \u00e7ox mina basd\u0131rm\u0131\u015fd\u0131r. Az\u0259rbaycan d\u00fcnyada mina il\u0259 \u0259n \u00e7ox \u00e7irkl\u0259ndirilmi\u015f \u00f6lk\u0259l\u0259r aras\u0131ndad\u0131r. 1990-c\u0131 ill\u0259rin \u0259vv\u0259lind\u0259n 3300-d\u0259n \u00e7ox v\u0259t\u0259nda\u015f\u0131m\u0131z mina qurban\u0131 olmu\u015fdur. V\u0259t\u0259n m\u00fcharib\u0259sinin ba\u015fa \u00e7atd\u0131\u011f\u0131 2020-ci il noyabr\u0131n 10-dan etibar\u0259n Erm\u0259nistan\u0131n mina terroru n\u0259tic\u0259sind\u0259 300-\u0259 q\u0259d\u0259r Az\u0259rbaycan v\u0259t\u0259nda\u015f\u0131 h\u0259lak olmu\u015f v\u0259 ya a\u011f\u0131r yaralanm\u0131\u015fd\u0131r.<\/p>\n<p>Az\u0259rbaycan humanitar minat\u0259mizl\u0259m\u0259ni milli Dayan\u0131ql\u0131 \u0130nki\u015faf M\u0259qs\u0259di kimi elan ed\u0259c\u0259k. \u00d6lk\u0259miz humanitar minat\u0259mizl\u0259m\u0259nin BMT-nin 18-ci Dayan\u0131ql\u0131 \u0130nki\u015faf M\u0259qs\u0259di olmas\u0131 t\u0259\u015f\u0259bb\u00fcs\u00fcn\u00fc f\u0259al \u015f\u0259kild\u0259 t\u0259\u015fviq edir. Az\u0259rbaycan h\u0259m d\u0259 Minalar\u0131n T\u0259sirin\u0259 M\u0259ruz Qalm\u0131\u015f \u00d6lk\u0259l\u0259rin H\u0259mfikirl\u0259r Qrupunun yarad\u0131lmas\u0131 t\u0259klifi il\u0259 \u00e7\u0131x\u0131\u015f etmi\u015fdir.<\/p>\n<p>Haz\u0131rda azad edilmi\u015f \u0259razil\u0259rimizd\u0259 geni\u015fmiqyasl\u0131 quruculuq i\u015fl\u0259ri apar\u0131l\u0131r. M\u00fcasir texnologiyalara \u0259saslanan humanitar minat\u0259mizl\u0259m\u0259 v\u0259 mina sah\u0259sind\u0259 maarifl\u0259ndirm\u0259 bu i\u015fl\u0259rin t\u0259rkib hiss\u0259sidir. M\u0259n \u00f6z h\u0259yat\u0131n\u0131 t\u0259hl\u00fck\u0259 alt\u0131na ataraq gec\u0259-g\u00fcnd\u00fcz \u00e7al\u0131\u015fan minat\u0259mizl\u0259y\u0259nl\u0259rimizin f\u0259aliyy\u0259tini y\u00fcks\u0259k qiym\u0259tl\u0259ndirir\u0259m. D\u00fcnyada mina terroruna son qoymaq \u00fc\u00e7\u00fcn beyn\u0259lxalq s\u0259yl\u0259r art\u0131r\u0131lmal\u0131d\u0131r\u201d.<\/p>\n<p>&nbsp;<\/p>\n<p><strong>\u018fziz\u0259 \u018flizad\u0259<\/strong><\/p>\n<p><strong>\u00a9 Materiallardan istifad\u0259 ed\u0259rk\u0259n hiperlinkl\u0259 istinad olunmal\u0131d\u0131r<\/strong><\/p>\n<p><strong><a href=\"http:\/\/\u0130NFONEWS\">\u0130NFONEWS<\/a><\/strong><\/p>\n","protected":false},"excerpt":{"rendered":"<p>\u0130lham \u018fliyev Beyn\u0259lxalq Mina X\u0259b\u0259rdarl\u0131\u011f\u0131 v\u0259 Mina F\u0259aliyy\u0259tin\u0259 Yard\u0131m G\u00fcn\u00fc il\u0259 ba\u011fl\u0131 payla\u015f\u0131m edib Az\u0259rbaycan Prezidenti \u0130lham \u018fliyev sosial media hesab\u0131nda 4 Aprel &#8211; Beyn\u0259lxalq Mina X\u0259b\u0259rdarl\u0131\u011f\u0131 v\u0259 Mina F\u0259aliyy\u0259tin\u0259&hellip; <\/p>\n","protected":false},"author":14,"featured_media":33777,"comment_status":"open","ping_status":"open","sticky":false,"template":"","format":"standard","meta":{"_mi_skip_tracking":false,"_monsterinsights_sitenote_active":false,"_monsterinsights_sitenote_note":"","_monsterinsights_sitenote_category":0,"footnotes":""},"categories":[11,7],"tags":[10321,10323,7082,10322,20,15,910],"aioseo_notices":[],"_links":{"self":[{"href":"https:\/\/infonews.az\/index.php?rest_route=\/wp\/v2\/posts\/33776"}],"collection":[{"href":"https:\/\/infonews.az\/index.php?rest_route=\/wp\/v2\/posts"}],"about":[{"href":"https:\/\/infonews.az\/index.php?rest_route=\/wp\/v2\/types\/post"}],"author":[{"embeddable":true,"href":"https:\/\/infonews.az\/index.php?rest_route=\/wp\/v2\/users\/14"}],"replies":[{"embeddable":true,"href":"https:\/\/infonews.az\/index.php?rest_route=%2Fwp%2Fv2%2Fcomments&post=33776"}],"version-history":[{"count":1,"href":"https:\/\/infonews.az\/index.php?rest_route=\/wp\/v2\/posts\/33776\/revisions"}],"predecessor-version":[{"id":33778,"href":"https:\/\/infonews.az\/index.php?rest_route=\/wp\/v2\/posts\/33776\/revisions\/33778"}],"wp:featuredmedia":[{"embeddable":true,"href":"https:\/\/infonews.az\/index.php?rest_route=\/wp\/v2\/media\/33777"}],"wp:attachment":[{"href":"https:\/\/infonews.az\/index.php?rest_route=%2Fwp%2Fv2%2Fmedia&parent=33776"}],"wp:term":[{"taxonomy":"category","embeddable":true,"href":"https:\/\/infonews.az\/index.php?rest_route=%2Fwp%2Fv2%2Fcategories&post=33776"},{"taxonomy":"post_tag","embeddable":true,"href":"https:\/\/infonews.az\/index.php?rest_route=%2Fwp%2Fv2%2Ftags&post=33776"}],"curies":[{"name":"wp","href":"https:\/\/api.w.org\/{rel}","templated":true}]}}