{"id":33849,"date":"2023-04-06T08:06:18","date_gmt":"2023-04-06T04:06:18","guid":{"rendered":"https:\/\/infonews.az\/?p=33849"},"modified":"2023-04-06T08:06:18","modified_gmt":"2023-04-06T04:06:18","slug":"ukrayna-abs-dan-25-milyard-dollar-qrant-alacaq","status":"publish","type":"post","link":"https:\/\/infonews.az\/?p=33849","title":{"rendered":"Ukrayna AB\u015e-dan 2,5 milyard dollar qrant alacaq"},"content":{"rendered":"<p><span style=\"color: #ffffff;\">Ukrayna AB\u015e-dan 2,5 milyard dollar qrant alacaq<\/span><\/p>\n<blockquote><p><strong>Ukraynan\u0131n maliyy\u0259 naziri Serqey Mar\u00e7enko v\u0259 D\u00fcnya Bank\u0131n\u0131n \u015e\u0259rqi Avropa (Belarus, Moldova v\u0259 Ukrayna) \u00fczr\u0259 regional direktoru Arup Banerji Ukraynaya AB\u015e-dan 2,5 milyard dollar m\u0259bl\u0259\u011find\u0259 ikinci qrant\u0131n verilm\u0259si haqq\u0131nda sazi\u015f imzalay\u0131blar.<\/strong><\/p><\/blockquote>\n<p><strong><a href=\"http:\/\/\u0130NFONEWS\">\u0130NFONEWS<\/a><\/strong>\u00a0x\u0259b\u0259r verir ki, bu bar\u0259d\u0259 Ukrayna Maliyy\u0259 Nazirliyinin m\u0259tbuat xidm\u0259ti m\u0259lumat yay\u0131b.<\/p>\n<p>Birinci qrant\u0131n h\u0259cmi 1,25 milyard dollar t\u0259\u015fkil edib. V\u0259sait Ukraynada d\u00f6vl\u0259t b\u00fcdc\u0259si x\u0259rcl\u0259rinin qism\u0259n \u00f6d\u0259nilm\u0259si \u00fc\u00e7\u00fcn istifad\u0259 olunacaq. 2023-c\u00fc ild\u0259 Ukrayna bu layih\u0259 \u00fc\u00e7\u00fcn art\u0131q d\u00f6rd q\u0259bz al\u0131b.<\/p>\n<p>2023-c\u00fc ild\u0259 AB\u015e-\u0131n Ukraynaya ay\u0131rd\u0131\u011f\u0131 qrantlar\u0131n m\u0259bl\u0259\u011finin 9,9 milyard dollar olaca\u011f\u0131 planla\u015fd\u0131r\u0131l\u0131r.<\/p>\n<p>&nbsp;<\/p>\n<p><strong>\u018fziz\u0259 \u018flizad\u0259<\/strong><\/p>\n<p><strong>\u00a9 Materiallardan istifad\u0259 ed\u0259rk\u0259n hiperlinkl\u0259 istinad olunmal\u0131d\u0131r<\/strong><\/p>\n<p><strong><a href=\"http:\/\/\u0130NFONEWS\">\u0130NFONEWS<\/a><\/strong><\/p>\n","protected":false},"excerpt":{"rendered":"<p>Ukrayna AB\u015e-dan 2,5 milyard dollar qrant alacaq Ukraynan\u0131n maliyy\u0259 naziri Serqey Mar\u00e7enko v\u0259 D\u00fcnya Bank\u0131n\u0131n \u015e\u0259rqi Avropa (Belarus, Moldova v\u0259 Ukrayna) \u00fczr\u0259 regional direktoru Arup Banerji Ukraynaya AB\u015e-dan 2,5 milyard&hellip; <\/p>\n","protected":false},"author":14,"featured_media":33851,"comment_status":"open","ping_status":"open","sticky":false,"template":"","format":"standard","meta":{"_mi_skip_tracking":false,"_monsterinsights_sitenote_active":false,"_monsterinsights_sitenote_note":"","_monsterinsights_sitenote_category":0,"footnotes":""},"categories":[9,4],"tags":[10381,8688,10380,7334,10379,10378,10382,153,5258,15,172],"aioseo_notices":[],"_links":{"self":[{"href":"https:\/\/infonews.az\/index.php?rest_route=\/wp\/v2\/posts\/33849"}],"collection":[{"href":"https:\/\/infonews.az\/index.php?rest_route=\/wp\/v2\/posts"}],"about":[{"href":"https:\/\/infonews.az\/index.php?rest_route=\/wp\/v2\/types\/post"}],"author":[{"embeddable":true,"href":"https:\/\/infonews.az\/index.php?rest_route=\/wp\/v2\/users\/14"}],"replies":[{"embeddable":true,"href":"https:\/\/infonews.az\/index.php?rest_route=%2Fwp%2Fv2%2Fcomments&post=33849"}],"version-history":[{"count":1,"href":"https:\/\/infonews.az\/index.php?rest_route=\/wp\/v2\/posts\/33849\/revisions"}],"predecessor-version":[{"id":33852,"href":"https:\/\/infonews.az\/index.php?rest_route=\/wp\/v2\/posts\/33849\/revisions\/33852"}],"wp:featuredmedia":[{"embeddable":true,"href":"https:\/\/infonews.az\/index.php?rest_route=\/wp\/v2\/media\/33851"}],"wp:attachment":[{"href":"https:\/\/infonews.az\/index.php?rest_route=%2Fwp%2Fv2%2Fmedia&parent=33849"}],"wp:term":[{"taxonomy":"category","embeddable":true,"href":"https:\/\/infonews.az\/index.php?rest_route=%2Fwp%2Fv2%2Fcategories&post=33849"},{"taxonomy":"post_tag","embeddable":true,"href":"https:\/\/infonews.az\/index.php?rest_route=%2Fwp%2Fv2%2Ftags&post=33849"}],"curies":[{"name":"wp","href":"https:\/\/api.w.org\/{rel}","templated":true}]}}