{"id":33931,"date":"2023-04-07T18:13:14","date_gmt":"2023-04-07T14:13:14","guid":{"rendered":"https:\/\/infonews.az\/?p=33931"},"modified":"2023-04-07T18:13:14","modified_gmt":"2023-04-07T14:13:14","slug":"turkiy%c9%99-v%c9%99-iran-prezidentl%c9%99ri-arasinda-telefon-danisigi-olub","status":"publish","type":"post","link":"https:\/\/infonews.az\/?p=33931","title":{"rendered":"T\u00fcrkiy\u0259 v\u0259 \u0130ran prezidentl\u0259ri aras\u0131nda telefon dan\u0131\u015f\u0131\u011f\u0131 olub"},"content":{"rendered":"<p><span style=\"color: #ffffff;\">T\u00fcrkiy\u0259 v\u0259 \u0130ran prezidentl\u0259ri aras\u0131nda telefon dan\u0131\u015f\u0131\u011f\u0131 olub<\/span><\/p>\n<blockquote><p><strong>T\u00fcrkiy\u0259 Prezidenti R\u0259c\u0259b Tayyib \u018frdo\u011fanla \u0130ran Prezidenti \u0130brahim R\u0259isi aras\u0131nda telefon dan\u0131\u015f\u0131\u011f\u0131 olub.<\/strong><\/p><\/blockquote>\n<p><strong><a href=\"http:\/\/\u0130NFONEWS\">\u0130NFONEWS<\/a><\/strong>\u00a0x\u0259b\u0259r verir ki, bu bar\u0259d\u0259 T\u00fcrkiy\u0259 Prezidentinin m\u0259tbuat xidm\u0259tind\u0259n bildirilib.<\/p>\n<p>Qeyd olunub ki, dan\u0131\u015f\u0131q zaman\u0131 R\u0259c\u0259b Tayyib \u018frdo\u011fan \u018fl-\u018fqsa m\u0259scidin\u0259 h\u00fccumlara qar\u015f\u0131 \u0130slam d\u00fcnyas\u0131n\u0131n h\u0259mr\u0259y olmas\u0131n\u0131n vacibliyini vur\u011fulay\u0131b.<\/p>\n<p>&nbsp;<\/p>\n<p><strong>\u018fziz\u0259 \u018flizad\u0259<\/strong><\/p>\n<p><strong>\u00a9 Materiallardan istifad\u0259 ed\u0259rk\u0259n hiperlinkl\u0259 istinad olunmal\u0131d\u0131r<\/strong><\/p>\n<p><strong><a href=\"http:\/\/\u0130NFONEWS\">\u0130NFONEWS<\/a><\/strong><\/p>\n","protected":false},"excerpt":{"rendered":"<p>T\u00fcrkiy\u0259 v\u0259 \u0130ran prezidentl\u0259ri aras\u0131nda telefon dan\u0131\u015f\u0131\u011f\u0131 olub T\u00fcrkiy\u0259 Prezidenti R\u0259c\u0259b Tayyib \u018frdo\u011fanla \u0130ran Prezidenti \u0130brahim R\u0259isi aras\u0131nda telefon dan\u0131\u015f\u0131\u011f\u0131 olub. \u0130NFONEWS\u00a0x\u0259b\u0259r verir ki, bu bar\u0259d\u0259 T\u00fcrkiy\u0259 Prezidentinin m\u0259tbuat xidm\u0259tind\u0259n&hellip; <\/p>\n","protected":false},"author":14,"featured_media":33932,"comment_status":"open","ping_status":"open","sticky":false,"template":"","format":"standard","meta":{"_mi_skip_tracking":false,"_monsterinsights_sitenote_active":false,"_monsterinsights_sitenote_note":"","_monsterinsights_sitenote_category":0,"footnotes":""},"categories":[9,10175],"tags":[10423,15,269,92,6002,12],"aioseo_notices":[],"_links":{"self":[{"href":"https:\/\/infonews.az\/index.php?rest_route=\/wp\/v2\/posts\/33931"}],"collection":[{"href":"https:\/\/infonews.az\/index.php?rest_route=\/wp\/v2\/posts"}],"about":[{"href":"https:\/\/infonews.az\/index.php?rest_route=\/wp\/v2\/types\/post"}],"author":[{"embeddable":true,"href":"https:\/\/infonews.az\/index.php?rest_route=\/wp\/v2\/users\/14"}],"replies":[{"embeddable":true,"href":"https:\/\/infonews.az\/index.php?rest_route=%2Fwp%2Fv2%2Fcomments&post=33931"}],"version-history":[{"count":1,"href":"https:\/\/infonews.az\/index.php?rest_route=\/wp\/v2\/posts\/33931\/revisions"}],"predecessor-version":[{"id":33933,"href":"https:\/\/infonews.az\/index.php?rest_route=\/wp\/v2\/posts\/33931\/revisions\/33933"}],"wp:featuredmedia":[{"embeddable":true,"href":"https:\/\/infonews.az\/index.php?rest_route=\/wp\/v2\/media\/33932"}],"wp:attachment":[{"href":"https:\/\/infonews.az\/index.php?rest_route=%2Fwp%2Fv2%2Fmedia&parent=33931"}],"wp:term":[{"taxonomy":"category","embeddable":true,"href":"https:\/\/infonews.az\/index.php?rest_route=%2Fwp%2Fv2%2Fcategories&post=33931"},{"taxonomy":"post_tag","embeddable":true,"href":"https:\/\/infonews.az\/index.php?rest_route=%2Fwp%2Fv2%2Ftags&post=33931"}],"curies":[{"name":"wp","href":"https:\/\/api.w.org\/{rel}","templated":true}]}}