{"id":33956,"date":"2023-04-08T19:17:39","date_gmt":"2023-04-08T15:17:39","guid":{"rendered":"https:\/\/infonews.az\/?p=33956"},"modified":"2023-04-08T19:17:39","modified_gmt":"2023-04-08T15:17:39","slug":"az%c9%99rbaycan-v%c9%99-moldova-xin-l%c9%99ri-arasinda-siyasi-m%c9%99sl%c9%99h%c9%99tl%c9%99sm%c9%99l%c9%99r-kecirilib","status":"publish","type":"post","link":"https:\/\/infonews.az\/?p=33956","title":{"rendered":"Az\u0259rbaycan v\u0259 Moldova X\u0130N-l\u0259ri aras\u0131nda siyasi m\u0259sl\u0259h\u0259tl\u0259\u015fm\u0259l\u0259r ke\u00e7irilib"},"content":{"rendered":"<p><span style=\"color: #ffffff;\">Az\u0259rbaycan v\u0259 Moldova X\u0130N-l\u0259ri aras\u0131nda siyasi m\u0259sl\u0259h\u0259tl\u0259\u015fm\u0259l\u0259r ke\u00e7irilib<\/span><\/p>\n<blockquote><p><strong>Az\u0259rbaycan xarici i\u015fl\u0259r nazirinin m\u00fcavini X\u0259l\u0259f X\u0259l\u0259fovun ba\u015f\u00e7\u0131l\u0131q etdiyi n\u00fcmay\u0259nd\u0259 hey\u0259ti Moldovada s\u0259f\u0259rd\u0259 olub.<\/strong><\/p><\/blockquote>\n<p><strong><a href=\"http:\/\/\u0130NFONEWS\">\u0130NFONEWS<\/a><\/strong>\u00a0x\u0259b\u0259r verir ki,bu bar\u0259d\u0259 Xarici \u0130\u015fl\u0259r Nazirliyind\u0259n m\u0259lumat verilib.<\/p>\n<p>Bildirilib ki, s\u0259f\u0259r \u00e7\u0259r\u00e7iv\u0259sind\u0259 Az\u0259rbaycan v\u0259 Moldova Xarici \u0130\u015fl\u0259r Nazirlikl\u0259ri aras\u0131nda siyasi m\u0259sl\u0259h\u0259tl\u0259\u015fm\u0259l\u0259r v\u0259 Moldova d\u00f6vl\u0259t r\u0259smil\u0259ri il\u0259 ikit\u0259r\u0259fli g\u00f6r\u00fc\u015fl\u0259r ke\u00e7irilib.<\/p>\n<p>Moldovan\u0131n Xarici \u0130\u015fl\u0259r v\u0259 Avropaya \u0130nteqrasiya nazirliyind\u0259 Az\u0259rbaycan v\u0259 Moldova aras\u0131nda X\u0130N-l\u0259raras\u0131 siyasi m\u0259sl\u0259h\u0259tl\u0259\u015fm\u0259l\u0259rin n\u00f6vb\u0259ti m\u0259rh\u0259l\u0259si ba\u015f tutub.<\/p>\n<p>M\u0259sl\u0259h\u0259tl\u0259\u015fm\u0259l\u0259rd\u0259 Az\u0259rbaycan t\u0259r\u0259fini xarici i\u015fl\u0259r nazirinin m\u00fcavini X\u0259l\u0259f X\u0259l\u0259fov, Moldova t\u0259r\u0259fini is\u0259 xarici i\u015fl\u0259r v\u0259 Avropaya inteqrasiya nazirinin m\u00fcavini Ruslan Bolbo\u00e7an t\u0259msil edib.<\/p>\n<p>M\u0259sl\u0259h\u0259tl\u0259\u015fm\u0259l\u0259r zaman\u0131 ticar\u0259t-iqtisadi, humanitar, k\u0259nd t\u0259s\u0259rr\u00fcfat\u0131, enerji v\u0259 investisiya sah\u0259l\u0259rind\u0259 \u0259m\u0259kda\u015fl\u0131\u011f\u0131n inki\u015faf\u0131, y\u00fcks\u0259k s\u0259viyy\u0259li qar\u015f\u0131l\u0131ql\u0131 s\u0259f\u0259rl\u0259rin t\u0259\u015fkili m\u0259s\u0259l\u0259l\u0259ri m\u00fczakir\u0259 olunub. Siyasi dialoqun davaml\u0131 \u015f\u0259kild\u0259 apar\u0131lmas\u0131n\u0131n vacibliyin\u0259 vur\u011fu edilib. Eyni zamanda t\u0259r\u0259fl\u0259r iki \u00f6lk\u0259nin BMT, Avropa \u015euras\u0131, AT\u018fT, QD\u0130\u018fT, GUAM kimi beyn\u0259lxalq v\u0259 regional t\u0259\u015fkilatlarda qar\u015f\u0131l\u0131ql\u0131 f\u0259aliyy\u0259tin g\u00fccl\u0259ndirilm\u0259sinin \u0259h\u0259miyy\u0259tin\u0259 toxunublar. Son bir ild\u0259 \u00f6lk\u0259l\u0259r aras\u0131nda ticar\u0259t d\u00f6vriyy\u0259sinin \u00f6n\u0259mli d\u0259r\u0259c\u0259d\u0259 artmas\u0131 qeyd olunaraq, bu sah\u0259d\u0259 daha b\u00f6y\u00fck potensial\u0131n m\u00f6vcudlu\u011funa diqq\u0259t \u00e7\u0259kilib. H\u00fcquq-m\u00fcqavil\u0259 bazas\u0131n\u0131n geni\u015fl\u0259ndirilm\u0259si imkanlar\u0131 m\u00fczakir\u0259 olunub.<\/p>\n<p>S\u0259f\u0259r \u00e7\u0259r\u00e7iv\u0259sind\u0259 nazir m\u00fcavini X.X\u0259l\u0259fovun Moldovan\u0131n Parlamentinin s\u0259dri \u0130qor Qrosu, Moldova xarici i\u015fl\u0259r v\u0259 Avropaya inteqrasiya naziri Niku Popesku, Moldova Ba\u015f nazirinin reinteqrasiya m\u0259s\u0259l\u0259l\u0259ri \u00fczr\u0259 m\u00fcavini Oleq Serebrian, Moldovan\u0131n Prezident Administrasiyas\u0131n\u0131n r\u0259hb\u0259ri Andrey Spinu v\u0259 Prezidentin xarici siyas\u0259t m\u0259s\u0259l\u0259l\u0259ri \u00fczr\u0259 m\u00fc\u015faviri Kristina Gerasimov, Moldovan\u0131n K\u0259nd T\u0259s\u0259rr\u00fcfat\u0131 Nazirliyinin d\u00f6vl\u0259t katibi Sergiu Qer\u00e7u il\u0259 ikit\u0259r\u0259fli g\u00f6r\u00fc\u015fl\u0259ri ke\u00e7irilib.<\/p>\n<p>Ke\u00e7iril\u0259n g\u00f6r\u00fc\u015fl\u0259rd\u0259 Az\u0259rbaycan v\u0259 Moldova aras\u0131nda \u0259n\u0259n\u0259vi dostluq \u0259laq\u0259l\u0259rinin m\u00f6hk\u0259ml\u0259ndirilm\u0259sinin \u0259h\u0259miyy\u0259ti vur\u011fulan\u0131b, regional v\u0259ziyy\u0259t, beyn\u0259lxalq t\u0259\u015fkilatlar \u00e7\u0259r\u00e7iv\u0259sind\u0259 \u0259m\u0259kda\u015fl\u0131q v\u0259 qar\u015f\u0131l\u0131ql\u0131 maraq k\u0259sb ed\u0259n dig\u0259r m\u0259s\u0259l\u0259l\u0259r \u0259traf\u0131nda fikir m\u00fcbadil\u0259si apar\u0131l\u0131b. Son ill\u0259rd\u0259 iki \u00f6lk\u0259 r\u0259smil\u0259ri aras\u0131nda f\u0259al siyasi g\u00f6r\u00fc\u015fl\u0259r y\u00fcks\u0259k qiym\u0259tl\u0259ndiril\u0259r\u0259k, bu istiqam\u0259td\u0259 m\u00f6vcud tendensiyan\u0131n davam etdirilm\u0259sinin vacibliyi qeyd olunub. Az\u0259rbaycan v\u0259 Moldova aras\u0131ndak\u0131 m\u00fcnasib\u0259tl\u0259rin strateji t\u0259r\u0259fda\u015fl\u0131q s\u0259viyy\u0259sin\u0259 q\u0259d\u0259r y\u00fcks\u0259lm\u0259sind\u0259n m\u0259mnunluq ifad\u0259 olunub.<\/p>\n<p>Moldova t\u0259r\u0259fi Az\u0259rbaycan\u0131n C\u0259nubi Qafqaz regionunda s\u00fclh g\u00fcnd\u0259liyinin realla\u015fmas\u0131 istiqam\u0259tind\u0259 s\u0259yl\u0259ri v\u0259 add\u0131mlar\u0131 bar\u0259d\u0259 \u0259trafl\u0131 m\u0259lumatland\u0131r\u0131l\u0131b. \u0130\u015f\u011faldan azad edilmi\u015f \u0259razil\u0259rimizd\u0259 h\u0259yata ke\u00e7iril\u0259n b\u0259rpa v\u0259 quruculuq i\u015fl\u0259ri, \u0259halinin \u00f6z yurdlar\u0131na qay\u0131tmas\u0131 istiqam\u0259tind\u0259 icra olunan layih\u0259l\u0259r, Qaraba\u011f\u0131n erm\u0259ni \u0259halisinin Az\u0259rbaycan\u0131n h\u00fcquqi, iqtisadi v\u0259 sosial m\u00fchitin\u0259 reinteqrasiyas\u0131 il\u0259 ba\u011fl\u0131 at\u0131lan add\u0131mlar qar\u015f\u0131 t\u0259r\u0259fin diqq\u0259tin\u0259 \u00e7atd\u0131r\u0131l\u0131b. G\u00f6r\u00fc\u015fl\u0259rd\u0259 Az\u0259rbaycanla Moldova aras\u0131nda iqtisadi \u0259m\u0259kda\u015fl\u0131q \u00fczr\u0259 Birg\u0259 H\u00f6kum\u0259tl\u0259raras\u0131 Komissiyan\u0131n f\u0259aliyy\u0259tinin \u0259h\u0259miyy\u0259ti x\u00fcsusi qeyd olunub. Aqrar sah\u0259d\u0259 investisiya qoyulu\u015fu, ixracy\u00f6n\u00fcml\u00fc ortaq m\u00fc\u0259ssis\u0259l\u0259rin yarad\u0131lmas\u0131 y\u00f6n\u00fcnd\u0259 perspektivd\u0259 h\u0259yata ke\u00e7iril\u0259 bil\u0259c\u0259k layih\u0259l\u0259r bar\u0259d\u0259 fikir m\u00fcbadil\u0259si apar\u0131l\u0131b.<\/p>\n<p>S\u0259f\u0259r \u00e7\u0259r\u00e7iv\u0259sind\u0259 nazir m\u00fcavini X\u0259l\u0259f X\u0259l\u0259fov Moldova D\u00f6vl\u0259t Tarix Muzeyind\u0259 Ulu \u00d6nd\u0259r Heyd\u0259r \u018fliyevin 100 illik yubileyin\u0259 h\u0259sr olunmu\u015f s\u0259rginin a\u00e7\u0131l\u0131\u015f m\u0259rasimind\u0259 i\u015ftirak ed\u0259r\u0259k, \u0259hat\u0259li nitql\u0259 \u00e7\u0131x\u0131\u015f edib.<\/p>\n<p>Moldovaya s\u0259f\u0259r zaman\u0131, nazir m\u00fcavini X.X\u0259l\u0259fov h\u0259m\u00e7inin, Moldovadak\u0131 soyda\u015flar\u0131m\u0131z, Moldova Az\u0259rbaycanl\u0131lar\u0131 Konqresinin f\u0259allar\u0131 il\u0259 g\u00f6r\u00fc\u015f\u00fcb.<\/p>\n<p>&nbsp;<\/p>\n<p><strong>\u018fziz\u0259 \u018flizad\u0259<\/strong><\/p>\n<p><strong>\u00a9 Materiallardan istifad\u0259 ed\u0259rk\u0259n hiperlinkl\u0259 istinad olunmal\u0131d\u0131r<\/strong><\/p>\n<p><strong><a href=\"http:\/\/\u0130NFONEWS\">\u0130NFONEWS<\/a><\/strong><\/p>\n","protected":false},"excerpt":{"rendered":"<p>Az\u0259rbaycan v\u0259 Moldova X\u0130N-l\u0259ri aras\u0131nda siyasi m\u0259sl\u0259h\u0259tl\u0259\u015fm\u0259l\u0259r ke\u00e7irilib Az\u0259rbaycan xarici i\u015fl\u0259r nazirinin m\u00fcavini X\u0259l\u0259f X\u0259l\u0259fovun ba\u015f\u00e7\u0131l\u0131q etdiyi n\u00fcmay\u0259nd\u0259 hey\u0259ti Moldovada s\u0259f\u0259rd\u0259 olub. \u0130NFONEWS\u00a0x\u0259b\u0259r verir ki,bu bar\u0259d\u0259 Xarici \u0130\u015fl\u0259r Nazirliyind\u0259n m\u0259lumat&hellip; <\/p>\n","protected":false},"author":14,"featured_media":33957,"comment_status":"open","ping_status":"open","sticky":false,"template":"","format":"standard","meta":{"_mi_skip_tracking":false,"_monsterinsights_sitenote_active":false,"_monsterinsights_sitenote_note":"","_monsterinsights_sitenote_category":0,"footnotes":""},"categories":[6,10171],"tags":[10436,8688,10434,10435,13,15,103],"aioseo_notices":[],"_links":{"self":[{"href":"https:\/\/infonews.az\/index.php?rest_route=\/wp\/v2\/posts\/33956"}],"collection":[{"href":"https:\/\/infonews.az\/index.php?rest_route=\/wp\/v2\/posts"}],"about":[{"href":"https:\/\/infonews.az\/index.php?rest_route=\/wp\/v2\/types\/post"}],"author":[{"embeddable":true,"href":"https:\/\/infonews.az\/index.php?rest_route=\/wp\/v2\/users\/14"}],"replies":[{"embeddable":true,"href":"https:\/\/infonews.az\/index.php?rest_route=%2Fwp%2Fv2%2Fcomments&post=33956"}],"version-history":[{"count":1,"href":"https:\/\/infonews.az\/index.php?rest_route=\/wp\/v2\/posts\/33956\/revisions"}],"predecessor-version":[{"id":33958,"href":"https:\/\/infonews.az\/index.php?rest_route=\/wp\/v2\/posts\/33956\/revisions\/33958"}],"wp:featuredmedia":[{"embeddable":true,"href":"https:\/\/infonews.az\/index.php?rest_route=\/wp\/v2\/media\/33957"}],"wp:attachment":[{"href":"https:\/\/infonews.az\/index.php?rest_route=%2Fwp%2Fv2%2Fmedia&parent=33956"}],"wp:term":[{"taxonomy":"category","embeddable":true,"href":"https:\/\/infonews.az\/index.php?rest_route=%2Fwp%2Fv2%2Fcategories&post=33956"},{"taxonomy":"post_tag","embeddable":true,"href":"https:\/\/infonews.az\/index.php?rest_route=%2Fwp%2Fv2%2Ftags&post=33956"}],"curies":[{"name":"wp","href":"https:\/\/api.w.org\/{rel}","templated":true}]}}