{"id":34016,"date":"2023-04-11T14:11:55","date_gmt":"2023-04-11T10:11:55","guid":{"rendered":"https:\/\/infonews.az\/?p=34016"},"modified":"2023-04-11T14:11:55","modified_gmt":"2023-04-11T10:11:55","slug":"prezident-bosniya-v%c9%99-herseqovinanin-t%c9%99hluk%c9%99sizlik-nazirini-q%c9%99bul-edib","status":"publish","type":"post","link":"https:\/\/infonews.az\/?p=34016","title":{"rendered":"Prezident Bosniya v\u0259 Herseqovinan\u0131n t\u0259hl\u00fck\u0259sizlik nazirini q\u0259bul edib"},"content":{"rendered":"<p><span style=\"color: #ffffff;\">Prezident Bosniya v\u0259 Herseqovinan\u0131n t\u0259hl\u00fck\u0259sizlik nazirini q\u0259bul edib<\/span><\/p>\n<p>Az\u0259rbaycan Respublikas\u0131n\u0131n Prezidenti \u0130lham \u018fliyev aprelin 11-d\u0259 Bosniya v\u0259 Herseqovinan\u0131n t\u0259hl\u00fck\u0259sizlik naziri Nenad Ne\u015fi\u00e7in ba\u015f\u00e7\u0131l\u0131q etdiyi n\u00fcmay\u0259nd\u0259 hey\u0259tini q\u0259bul edib.<\/p>\n<p><strong><a href=\"http:\/\/\u0130NFONEWS\">\u0130NFONEWS<\/a><\/strong>\u00a0x\u0259b\u0259r verir ki, g\u00f6r\u00fc\u015fd\u0259 \u00f6lk\u0259l\u0259rimiz aras\u0131nda ikit\u0259r\u0259fli m\u00fcnasib\u0259tl\u0259rin siyasi sah\u0259d\u0259 \u00e7ox yax\u015f\u0131 s\u0259viyy\u0259d\u0259 oldu\u011fu bildirildi, \u0259laq\u0259l\u0259rimizin m\u00fcxt\u0259lif istiqam\u0259tl\u0259rd\u0259 u\u011furla inki\u015faf etdiyi qeyd olundu v\u0259 bu \u0259laq\u0259l\u0259rin geni\u015fl\u0259ndirilm\u0259si \u00fc\u00e7\u00fcn \u00f6n\u0259mli add\u0131mlar\u0131n at\u0131ld\u0131\u011f\u0131 vur\u011fulan\u0131b.<\/p>\n<p>S\u00f6hb\u0259t zaman\u0131 y\u00fcks\u0259k s\u0259viyy\u0259d\u0259 ke\u00e7iril\u0259n g\u00f6r\u00fc\u015fl\u0259rin m\u00fcnasib\u0259tl\u0259rimizin inki\u015faf\u0131 v\u0259 perspektivl\u0259rin m\u00fczakir\u0259si bax\u0131m\u0131ndan \u00f6n\u0259mi qeyd edilib, \u0259m\u0259kda\u015fl\u0131\u011f\u0131n daha da geni\u015fl\u0259ndirilm\u0259si \u00fc\u00e7\u00fcn yax\u015f\u0131 potensial\u0131n m\u00f6vcud oldu\u011fu bildirilib, Bosniya v\u0259 Herseqovinan\u0131n t\u0259hl\u00fck\u0259sizlik naziri Nenad Ne\u015fi\u00e7in \u00f6lk\u0259miz\u0259 s\u0259f\u0259rinin bu i\u015f\u0259 t\u00f6hf\u0259 ver\u0259c\u0259yin\u0259 \u00fcmidvarl\u0131q ifad\u0259 edilib.<\/p>\n<p>G\u00f6r\u00fc\u015fd\u0259 COVID-19 d\u00f6vr\u00fcnd\u0259, h\u0259m\u00e7inin Bosniya v\u0259 Herseqovinada ba\u015f vermi\u015f da\u015fq\u0131nlar zaman\u0131 Az\u0259rbaycan\u0131n g\u00f6st\u0259rdiyi d\u0259st\u0259k bir daha y\u00fcks\u0259k qiym\u0259tl\u0259ndirilib.<\/p>\n<p>&nbsp;<\/p>\n<p><strong>\u018fziz\u0259 \u018flizad\u0259<\/strong><\/p>\n<p><strong>\u00a9 Materiallardan istifad\u0259 ed\u0259rk\u0259n hiperlinkl\u0259 istinad olunmal\u0131d\u0131r<\/strong><\/p>\n<p><strong><a href=\"http:\/\/\u0130NFONEWS\">\u0130NFONEWS<\/a><\/strong><\/p>\n<p>&nbsp;<\/p>\n","protected":false},"excerpt":{"rendered":"<p>Prezident Bosniya v\u0259 Herseqovinan\u0131n t\u0259hl\u00fck\u0259sizlik nazirini q\u0259bul edib Az\u0259rbaycan Respublikas\u0131n\u0131n Prezidenti \u0130lham \u018fliyev aprelin 11-d\u0259 Bosniya v\u0259 Herseqovinan\u0131n t\u0259hl\u00fck\u0259sizlik naziri Nenad Ne\u015fi\u00e7in ba\u015f\u00e7\u0131l\u0131q etdiyi n\u00fcmay\u0259nd\u0259 hey\u0259tini q\u0259bul edib. \u0130NFONEWS\u00a0x\u0259b\u0259r verir&hellip; <\/p>\n","protected":false},"author":14,"featured_media":34017,"comment_status":"open","ping_status":"open","sticky":false,"template":"","format":"standard","meta":{"_mi_skip_tracking":false,"_monsterinsights_sitenote_active":false,"_monsterinsights_sitenote_note":"","_monsterinsights_sitenote_category":0,"footnotes":""},"categories":[6,11,10171],"tags":[10484,10486,10485,20,15,4911],"aioseo_notices":[],"_links":{"self":[{"href":"https:\/\/infonews.az\/index.php?rest_route=\/wp\/v2\/posts\/34016"}],"collection":[{"href":"https:\/\/infonews.az\/index.php?rest_route=\/wp\/v2\/posts"}],"about":[{"href":"https:\/\/infonews.az\/index.php?rest_route=\/wp\/v2\/types\/post"}],"author":[{"embeddable":true,"href":"https:\/\/infonews.az\/index.php?rest_route=\/wp\/v2\/users\/14"}],"replies":[{"embeddable":true,"href":"https:\/\/infonews.az\/index.php?rest_route=%2Fwp%2Fv2%2Fcomments&post=34016"}],"version-history":[{"count":1,"href":"https:\/\/infonews.az\/index.php?rest_route=\/wp\/v2\/posts\/34016\/revisions"}],"predecessor-version":[{"id":34018,"href":"https:\/\/infonews.az\/index.php?rest_route=\/wp\/v2\/posts\/34016\/revisions\/34018"}],"wp:featuredmedia":[{"embeddable":true,"href":"https:\/\/infonews.az\/index.php?rest_route=\/wp\/v2\/media\/34017"}],"wp:attachment":[{"href":"https:\/\/infonews.az\/index.php?rest_route=%2Fwp%2Fv2%2Fmedia&parent=34016"}],"wp:term":[{"taxonomy":"category","embeddable":true,"href":"https:\/\/infonews.az\/index.php?rest_route=%2Fwp%2Fv2%2Fcategories&post=34016"},{"taxonomy":"post_tag","embeddable":true,"href":"https:\/\/infonews.az\/index.php?rest_route=%2Fwp%2Fv2%2Ftags&post=34016"}],"curies":[{"name":"wp","href":"https:\/\/api.w.org\/{rel}","templated":true}]}}