{"id":34108,"date":"2023-04-13T16:19:06","date_gmt":"2023-04-13T12:19:06","guid":{"rendered":"https:\/\/infonews.az\/?p=34108"},"modified":"2023-04-13T16:19:06","modified_gmt":"2023-04-13T12:19:06","slug":"az%c9%99rbaycan-il%c9%99-bosniya-v%c9%99-herseqovina-arasinda-strateji-t%c9%99r%c9%99fdasliq-haqqinda-b%c9%99yannam%c9%99-imzalanib","status":"publish","type":"post","link":"https:\/\/infonews.az\/?p=34108","title":{"rendered":"Az\u0259rbaycan il\u0259 Bosniya v\u0259 Herseqovina aras\u0131nda strateji t\u0259r\u0259fda\u015fl\u0131q haqq\u0131nda B\u0259yannam\u0259 imzalan\u0131b"},"content":{"rendered":"<p><span style=\"color: #ffffff;\">Az\u0259rbaycan il\u0259 Bosniya v\u0259 Herseqovina aras\u0131nda strateji t\u0259r\u0259fda\u015fl\u0131q haqq\u0131nda B\u0259yannam\u0259 imzalan\u0131b<\/span><\/p>\n<blockquote><p><strong>Aprelin 13-d\u0259 Sarayevoda \u201cAz\u0259rbaycan Respublikas\u0131 il\u0259 Bosniya v\u0259 Herseqovina aras\u0131nda strateji t\u0259r\u0259fda\u015fl\u0131q haqq\u0131nda Birg\u0259 B\u0259yannam\u0259\u201d imzalan\u0131b.<\/strong><\/p><\/blockquote>\n<p><strong><a href=\"http:\/\/\u0130NFONEWS\">\u0130NFONEWS<\/a><\/strong>\u00a0x\u0259b\u0259r verir ki, s\u0259n\u0259di Az\u0259rbaycan Respublikas\u0131n\u0131n Prezidenti \u0130lham \u018fliyev v\u0259 Bosniya v\u0259 Herseqovinan\u0131n R\u0259yas\u0259t Hey\u0259tinin S\u0259dri xan\u0131m Jelka Tsviyanovi\u00e7 imzalay\u0131blar.<\/p>\n<p>&nbsp;<\/p>\n<p><strong>\u018fziz\u0259 \u018flizad\u0259<\/strong><\/p>\n<p><strong>\u00a9 Materiallardan istifad\u0259 ed\u0259rk\u0259n hiperlinkl\u0259 istinad olunmal\u0131d\u0131r<\/strong><\/p>\n<p><strong><a href=\"http:\/\/\u0130NFONEWS\">\u0130NFONEWS<\/a><\/strong><\/p>\n<p>&nbsp;<\/p>\n","protected":false},"excerpt":{"rendered":"<p>Az\u0259rbaycan il\u0259 Bosniya v\u0259 Herseqovina aras\u0131nda strateji t\u0259r\u0259fda\u015fl\u0131q haqq\u0131nda B\u0259yannam\u0259 imzalan\u0131b Aprelin 13-d\u0259 Sarayevoda \u201cAz\u0259rbaycan Respublikas\u0131 il\u0259 Bosniya v\u0259 Herseqovina aras\u0131nda strateji t\u0259r\u0259fda\u015fl\u0131q haqq\u0131nda Birg\u0259 B\u0259yannam\u0259\u201d imzalan\u0131b. \u0130NFONEWS\u00a0x\u0259b\u0259r verir ki,&hellip; <\/p>\n","protected":false},"author":14,"featured_media":34109,"comment_status":"open","ping_status":"open","sticky":false,"template":"","format":"standard","meta":{"_mi_skip_tracking":false,"_monsterinsights_sitenote_active":false,"_monsterinsights_sitenote_note":"","_monsterinsights_sitenote_category":0,"footnotes":""},"categories":[6,10171],"tags":[8539,10484,10576,10575,13,15],"aioseo_notices":[],"_links":{"self":[{"href":"https:\/\/infonews.az\/index.php?rest_route=\/wp\/v2\/posts\/34108"}],"collection":[{"href":"https:\/\/infonews.az\/index.php?rest_route=\/wp\/v2\/posts"}],"about":[{"href":"https:\/\/infonews.az\/index.php?rest_route=\/wp\/v2\/types\/post"}],"author":[{"embeddable":true,"href":"https:\/\/infonews.az\/index.php?rest_route=\/wp\/v2\/users\/14"}],"replies":[{"embeddable":true,"href":"https:\/\/infonews.az\/index.php?rest_route=%2Fwp%2Fv2%2Fcomments&post=34108"}],"version-history":[{"count":1,"href":"https:\/\/infonews.az\/index.php?rest_route=\/wp\/v2\/posts\/34108\/revisions"}],"predecessor-version":[{"id":34110,"href":"https:\/\/infonews.az\/index.php?rest_route=\/wp\/v2\/posts\/34108\/revisions\/34110"}],"wp:featuredmedia":[{"embeddable":true,"href":"https:\/\/infonews.az\/index.php?rest_route=\/wp\/v2\/media\/34109"}],"wp:attachment":[{"href":"https:\/\/infonews.az\/index.php?rest_route=%2Fwp%2Fv2%2Fmedia&parent=34108"}],"wp:term":[{"taxonomy":"category","embeddable":true,"href":"https:\/\/infonews.az\/index.php?rest_route=%2Fwp%2Fv2%2Fcategories&post=34108"},{"taxonomy":"post_tag","embeddable":true,"href":"https:\/\/infonews.az\/index.php?rest_route=%2Fwp%2Fv2%2Ftags&post=34108"}],"curies":[{"name":"wp","href":"https:\/\/api.w.org\/{rel}","templated":true}]}}