{"id":34181,"date":"2023-04-15T16:21:41","date_gmt":"2023-04-15T12:21:41","guid":{"rendered":"https:\/\/infonews.az\/?p=34181"},"modified":"2023-04-15T16:21:41","modified_gmt":"2023-04-15T12:21:41","slug":"hulusi-akar-bassagligi-verib-az%c9%99rbaycan-turkl%c9%99rinin-yaninda-olmaga-davam-ed%c9%99c%c9%99yik","status":"publish","type":"post","link":"https:\/\/infonews.az\/?p=34181","title":{"rendered":"Hulusi Akar ba\u015fsa\u011fl\u0131\u011f\u0131 verib: &#8220;Az\u0259rbaycan t\u00fcrkl\u0259rinin yan\u0131nda olma\u011fa davam ed\u0259c\u0259yik&#8221;"},"content":{"rendered":"<p><del><\/p>\n<hr \/>\n<p><\/del><span style=\"color: #ffffff;\">Hulusi Akar ba\u015fsa\u011fl\u0131\u011f\u0131 verib: &#8220;Az\u0259rbaycan t\u00fcrkl\u0259rinin yan\u0131nda olma\u011fa davam ed\u0259c\u0259yik&#8221;<\/span><\/p>\n<blockquote><p><strong>T\u00fcrkiy\u0259nin milli m\u00fcdafi\u0259 naziri Hulusi Akar aprelin 11-d\u0259 Az\u0259rbaycan-Erm\u0259nistanda \u015f\u0259rti s\u0259rh\u0259dind\u0259 ba\u015f ver\u0259n v\u0259 n\u0259tic\u0259d\u0259 3 h\u0259rb\u00e7imizin \u015f\u0259hid oldu\u011fu h\u0259rbi toqqu\u015fma il\u0259 ba\u011fl\u0131 az\u0259rbaycanl\u0131 h\u0259mkar\u0131, general-polkovnik Zakir H\u0259s\u0259nova ba\u015fsa\u011fl\u0131\u011f\u0131 m\u0259ktubu g\u00f6nd\u0259rib.<\/strong><\/p><\/blockquote>\n<p><strong><a href=\"http:\/\/\u0130NFONEWS\">\u0130NFONEWS<\/a><\/strong>\u00a0x\u0259b\u0259r verir ki, bu bar\u0259d\u0259 &#8220;Anadolu&#8221; m\u0259lumat yay\u0131b.<\/p>\n<p>&#8220;D\u0259y\u0259rli qarda\u015f\u0131m&#8221; ifad\u0259si il\u0259 ba\u015flayan m\u0259ktubda Akar Az\u0259rbaycan xalq\u0131n\u0131n k\u0259d\u0259rini \u00fcr\u0259yind\u0259 hiss etdiyini bildirib:<\/p>\n<p>&#8220;T\u00fcrkiy\u0259 v\u0259 Az\u0259rbaycan iki d\u00f6vl\u0259t, bir mill\u0259t prinsipi il\u0259 daim bir-birinin yan\u0131ndad\u0131r. Bu g\u00fcn\u0259 q\u0259d\u0259r oldu\u011fu kimi, bundan sonra da can qarda\u015flar\u0131m\u0131z olan Az\u0259rbaycan t\u00fcrkl\u0259rinin haql\u0131 m\u00fcbariz\u0259sind\u0259 b\u00fct\u00fcn imkanlar\u0131m\u0131zla yan\u0131n\u0131zda olma\u011fa davam ed\u0259c\u0259yik. \u015e\u0259hidl\u0259rimiz\u0259 Allah r\u0259hm\u0259t el\u0259sin, qarda\u015f Az\u0259rbaycan xalq\u0131n\u0131n v\u0259 M\u00fcdafi\u0259 Nazirliyinin d\u0259y\u0259rli \u0259m\u0259kda\u015flar\u0131n\u0131n k\u0259d\u0259rl\u0259rini payla\u015f\u0131r, ba\u015fsa\u011fl\u0131\u011f\u0131m\u0131z\u0131 \u00e7atd\u0131r\u0131r\u0131q&#8221;.<\/p>\n<p>&nbsp;<\/p>\n<p><em><strong>\u018fziz\u0259 \u018flizad\u0259<\/strong><\/em><\/p>\n<p><em><strong>\u00a9 Materiallardan istifad\u0259 ed\u0259rk\u0259n hiperlinkl\u0259 istinad olunmal\u0131d\u0131r<\/strong><\/em><\/p>\n<p><em><strong><a href=\"http:\/\/\u0130NFONEWS\">\u0130NFONEWS<\/a><\/strong><\/em><\/p>\n<p>&nbsp;<\/p>\n","protected":false},"excerpt":{"rendered":"<p>Hulusi Akar ba\u015fsa\u011fl\u0131\u011f\u0131 verib: &#8220;Az\u0259rbaycan t\u00fcrkl\u0259rinin yan\u0131nda olma\u011fa davam ed\u0259c\u0259yik&#8221; T\u00fcrkiy\u0259nin milli m\u00fcdafi\u0259 naziri Hulusi Akar aprelin 11-d\u0259 Az\u0259rbaycan-Erm\u0259nistanda \u015f\u0259rti s\u0259rh\u0259dind\u0259 ba\u015f ver\u0259n v\u0259 n\u0259tic\u0259d\u0259 3 h\u0259rb\u00e7imizin \u015f\u0259hid oldu\u011fu h\u0259rbi&hellip; <\/p>\n","protected":false},"author":14,"featured_media":34182,"comment_status":"open","ping_status":"open","sticky":false,"template":"","format":"standard","meta":{"_mi_skip_tracking":false,"_monsterinsights_sitenote_active":false,"_monsterinsights_sitenote_note":"","_monsterinsights_sitenote_category":0,"footnotes":""},"categories":[330,6664,10175],"tags":[10644,13,5525,7854,3230,15,33,281],"aioseo_notices":[],"_links":{"self":[{"href":"https:\/\/infonews.az\/index.php?rest_route=\/wp\/v2\/posts\/34181"}],"collection":[{"href":"https:\/\/infonews.az\/index.php?rest_route=\/wp\/v2\/posts"}],"about":[{"href":"https:\/\/infonews.az\/index.php?rest_route=\/wp\/v2\/types\/post"}],"author":[{"embeddable":true,"href":"https:\/\/infonews.az\/index.php?rest_route=\/wp\/v2\/users\/14"}],"replies":[{"embeddable":true,"href":"https:\/\/infonews.az\/index.php?rest_route=%2Fwp%2Fv2%2Fcomments&post=34181"}],"version-history":[{"count":1,"href":"https:\/\/infonews.az\/index.php?rest_route=\/wp\/v2\/posts\/34181\/revisions"}],"predecessor-version":[{"id":34183,"href":"https:\/\/infonews.az\/index.php?rest_route=\/wp\/v2\/posts\/34181\/revisions\/34183"}],"wp:featuredmedia":[{"embeddable":true,"href":"https:\/\/infonews.az\/index.php?rest_route=\/wp\/v2\/media\/34182"}],"wp:attachment":[{"href":"https:\/\/infonews.az\/index.php?rest_route=%2Fwp%2Fv2%2Fmedia&parent=34181"}],"wp:term":[{"taxonomy":"category","embeddable":true,"href":"https:\/\/infonews.az\/index.php?rest_route=%2Fwp%2Fv2%2Fcategories&post=34181"},{"taxonomy":"post_tag","embeddable":true,"href":"https:\/\/infonews.az\/index.php?rest_route=%2Fwp%2Fv2%2Ftags&post=34181"}],"curies":[{"name":"wp","href":"https:\/\/api.w.org\/{rel}","templated":true}]}}