{"id":34263,"date":"2023-04-17T20:18:00","date_gmt":"2023-04-17T16:18:00","guid":{"rendered":"https:\/\/infonews.az\/?p=34263"},"modified":"2023-04-17T20:18:00","modified_gmt":"2023-04-17T16:18:00","slug":"az%c9%99rbaycan-h%c9%99rbcil%c9%99ri-turkiy%c9%99d%c9%99-t%c9%99limd%c9%99-istirak-ed%c9%99c%c9%99k","status":"publish","type":"post","link":"https:\/\/infonews.az\/?p=34263","title":{"rendered":"Az\u0259rbaycan h\u0259rb\u00e7il\u0259ri T\u00fcrkiy\u0259d\u0259 t\u0259limd\u0259 i\u015ftirak ed\u0259c\u0259k"},"content":{"rendered":"<p><span style=\"color: #ffffff;\">Az\u0259rbaycan h\u0259rb\u00e7il\u0259ri T\u00fcrkiy\u0259d\u0259 t\u0259limd\u0259 i\u015ftirak ed\u0259c\u0259k<\/span><\/p>\n<blockquote><p><strong>\u018flahidd\u0259 \u00dcmumqo\u015fun Ordunun bir qrup h\u0259rbi qulluq\u00e7usu T\u00fcrkiy\u0259d\u0259 ke\u00e7iril\u0259n t\u0259limd\u0259 i\u015ftirak ed\u0259c\u0259kl\u0259r.<\/strong><\/p><\/blockquote>\n<p><strong><a href=\"http:\/\/\u0130NFONEWS\">\u0130NFONEWS<\/a><\/strong>\u00a0x\u0259b\u0259r verir ki, T\u00fcrkiy\u0259nin Qars \u015f\u0259h\u0259rind\u0259 ke\u00e7iril\u0259c\u0259k \u00dcmummilli Lider Heyd\u0259r \u018fliyevin anadan olmas\u0131n\u0131n 100 illiyin\u0259 h\u0259sr olunmu\u015f \u201cHeyd\u0259r \u018fliyev-2023\u201d birg\u0259 d\u00f6y\u00fc\u015f at\u0131\u015fl\u0131 taktiki t\u0259limind\u0259 i\u015ftirak etm\u0259k \u00fc\u00e7\u00fcn \u018flahidd\u0259 \u00dcmumqo\u015fun Ordunun bir qrup h\u0259rbi qulluq\u00e7usu qarda\u015f \u00f6lk\u0259y\u0259 yola sal\u0131n\u0131b.<\/p>\n<p>T\u0259lim\u0259 c\u0259lb edilmi\u015f h\u0259rbi qulluq\u00e7ular\u0131n v\u0259 texnikalar\u0131n Qars \u015f\u0259h\u0259rin\u0259 yola sal\u0131nmas\u0131 m\u00fcnasib\u0259til\u0259 m\u0259rasim ke\u00e7irilib. Az\u0259rbaycan\u0131n D\u00f6vl\u0259t Himni s\u0259sl\u0259ndirildikd\u0259n sonra m\u0259rasimd\u0259 \u00e7\u0131x\u0131\u015f ed\u0259n \u018flahidd\u0259 \u00dcmumqo\u015fun Ordu komandan\u0131n\u0131n m\u00fcavini, general-mayor R\u0259him C\u0259f\u0259rov h\u0259r iki \u00f6lk\u0259 aras\u0131ndak\u0131 sars\u0131lmaz qarda\u015fl\u0131qdan v\u0259 ke\u00e7iril\u0259n birg\u0259 t\u0259liml\u0259rin \u0259h\u0259miyy\u0259tind\u0259n dan\u0131\u015f\u0131b. Bildirilib ki, \u00dcmummilli Lider Heyd\u0259r \u018fliyevin anadan olmas\u0131n\u0131n 100 illiyin\u0259 h\u0259sr olunmu\u015f \u201cHeyd\u0259r \u018fliyev-2023\u201d birg\u0259 d\u00f6y\u00fc\u015f at\u0131\u015fl\u0131 taktiki t\u0259liminin \u0259sas m\u0259qs\u0259di d\u00f6y\u00fc\u015f zaman\u0131 qo\u015funlar\u0131n koordinasiyas\u0131n\u0131n t\u0259min edilm\u0259si, idar\u0259etm\u0259nin t\u0259kmill\u0259\u015fdirilm\u0259si, t\u0259cr\u00fcb\u0259 m\u00fcbadil\u0259si v\u0259 \u015f\u0259xsi hey\u0259tin pe\u015f\u0259karl\u0131\u011f\u0131n\u0131n art\u0131r\u0131lmas\u0131ndan ibar\u0259tdir.<\/p>\n<p>\u00c7\u0131x\u0131\u015flar\u0131n ard\u0131ndan t\u0259lim\u0259 c\u0259lb edilmi\u015f b\u00f6lm\u0259l\u0259r Nax\u00e7\u0131van \u015f\u0259h\u0259rind\u0259n S\u0259d\u0259r\u0259k s\u0259rh\u0259d-ke\u00e7id m\u0259nt\u0259q\u0259sin\u0259 do\u011fru yola d\u00fc\u015f\u00fcbl\u0259r. Araz \u00e7ay\u0131 \u00fcz\u0259rind\u0259ki \u201c\u00dcmid\u201d k\u00f6rp\u00fcs\u00fcnd\u0259n ke\u00e7\u0259n b\u00f6lm\u0259l\u0259rimiz Qars \u015f\u0259h\u0259ri istiqam\u0259tind\u0259 h\u0259r\u0259k\u0259ti davam etdiribl\u0259r.<\/p>\n<p>&nbsp;<\/p>\n<p><em><strong>\u018fziz\u0259 \u018fliyeva<\/strong><\/em><\/p>\n<p><em><strong>\u00a9 Materiallardan istifad\u0259 ed\u0259rk\u0259n hiperlinkl\u0259 istinad olunmal\u0131d\u0131r<\/strong><\/em><\/p>\n<p><em><strong><a href=\"http:\/\/\u0130NFONEWS\">\u0130NFONEWS<\/a><\/strong><\/em><\/p>\n","protected":false},"excerpt":{"rendered":"<p>Az\u0259rbaycan h\u0259rb\u00e7il\u0259ri T\u00fcrkiy\u0259d\u0259 t\u0259limd\u0259 i\u015ftirak ed\u0259c\u0259k \u018flahidd\u0259 \u00dcmumqo\u015fun Ordunun bir qrup h\u0259rbi qulluq\u00e7usu T\u00fcrkiy\u0259d\u0259 ke\u00e7iril\u0259n t\u0259limd\u0259 i\u015ftirak ed\u0259c\u0259kl\u0259r. \u0130NFONEWS\u00a0x\u0259b\u0259r verir ki, T\u00fcrkiy\u0259nin Qars \u015f\u0259h\u0259rind\u0259 ke\u00e7iril\u0259c\u0259k \u00dcmummilli Lider Heyd\u0259r \u018fliyevin anadan&hellip; <\/p>\n","protected":false},"author":14,"featured_media":34264,"comment_status":"open","ping_status":"open","sticky":false,"template":"","format":"standard","meta":{"_mi_skip_tracking":false,"_monsterinsights_sitenote_active":false,"_monsterinsights_sitenote_note":"","_monsterinsights_sitenote_category":0,"footnotes":""},"categories":[6664],"tags":[10694,10693,9119,10695,10696,9571,15,218,12],"aioseo_notices":[],"_links":{"self":[{"href":"https:\/\/infonews.az\/index.php?rest_route=\/wp\/v2\/posts\/34263"}],"collection":[{"href":"https:\/\/infonews.az\/index.php?rest_route=\/wp\/v2\/posts"}],"about":[{"href":"https:\/\/infonews.az\/index.php?rest_route=\/wp\/v2\/types\/post"}],"author":[{"embeddable":true,"href":"https:\/\/infonews.az\/index.php?rest_route=\/wp\/v2\/users\/14"}],"replies":[{"embeddable":true,"href":"https:\/\/infonews.az\/index.php?rest_route=%2Fwp%2Fv2%2Fcomments&post=34263"}],"version-history":[{"count":1,"href":"https:\/\/infonews.az\/index.php?rest_route=\/wp\/v2\/posts\/34263\/revisions"}],"predecessor-version":[{"id":34265,"href":"https:\/\/infonews.az\/index.php?rest_route=\/wp\/v2\/posts\/34263\/revisions\/34265"}],"wp:featuredmedia":[{"embeddable":true,"href":"https:\/\/infonews.az\/index.php?rest_route=\/wp\/v2\/media\/34264"}],"wp:attachment":[{"href":"https:\/\/infonews.az\/index.php?rest_route=%2Fwp%2Fv2%2Fmedia&parent=34263"}],"wp:term":[{"taxonomy":"category","embeddable":true,"href":"https:\/\/infonews.az\/index.php?rest_route=%2Fwp%2Fv2%2Fcategories&post=34263"},{"taxonomy":"post_tag","embeddable":true,"href":"https:\/\/infonews.az\/index.php?rest_route=%2Fwp%2Fv2%2Ftags&post=34263"}],"curies":[{"name":"wp","href":"https:\/\/api.w.org\/{rel}","templated":true}]}}