{"id":34266,"date":"2023-04-17T20:53:25","date_gmt":"2023-04-17T16:53:25","guid":{"rendered":"https:\/\/infonews.az\/?p=34266"},"modified":"2023-04-17T20:53:25","modified_gmt":"2023-04-17T16:53:25","slug":"az%c9%99rbaycan-xin-bascisi-abs-dovl%c9%99t-katibinin-kom%c9%99kcisi-il%c9%99-telefonla-danisib","status":"publish","type":"post","link":"https:\/\/infonews.az\/?p=34266","title":{"rendered":"Az\u0259rbaycan X\u0130N ba\u015f\u00e7\u0131s\u0131 AB\u015e d\u00f6vl\u0259t katibinin k\u00f6m\u0259k\u00e7isi il\u0259 telefonla dan\u0131\u015f\u0131b"},"content":{"rendered":"<p><span style=\"color: #ffffff;\">Az\u0259rbaycan X\u0130N ba\u015f\u00e7\u0131s\u0131 AB\u015e d\u00f6vl\u0259t katibinin k\u00f6m\u0259k\u00e7isi il\u0259 telefonla dan\u0131\u015f\u0131b<\/span><\/p>\n<blockquote><p><strong>Az\u0259rbaycan\u0131n xarici i\u015fl\u0259r naziri Ceyhun Bayramov il\u0259 AB\u015e d\u00f6vl\u0259t katibinin Avropa v\u0259 Avrasiya m\u0259s\u0259l\u0259l\u0259ri \u00fczr\u0259 k\u00f6m\u0259k\u00e7isi v\u0259zif\u0259sini icra ed\u0259n Derek Hoqan aras\u0131nda telefon dan\u0131\u015f\u0131\u011f\u0131 ba\u015f tutub.<\/strong><\/p><\/blockquote>\n<p><strong><a href=\"http:\/\/\u0130NFONEWS\">\u0130NFONEWS<\/a><\/strong>\u00a0x\u0259b\u0259r verir ki,bu bar\u0259d\u0259 Az\u0259rbaycan\u0131n Xarici \u0130\u015fl\u0259r Nazirliyind\u0259n m\u0259lumat verilib.<\/p>\n<p>Bildirilib ki, telefon dan\u0131\u015f\u0131\u011f\u0131 zaman\u0131 Az\u0259rbaycan v\u0259 AB\u015e aras\u0131nda \u0259m\u0259kda\u015fl\u0131q g\u00fcnd\u0259liyind\u0259 duran aktual m\u0259s\u0259l\u0259l\u0259r, regionda cari v\u0259ziyy\u0259t, o c\u00fcml\u0259d\u0259n Erm\u0259nistan v\u0259 Az\u0259rbaycan aras\u0131nda s\u00fclh g\u00fcnd\u0259liyi m\u00fczakir\u0259 m\u00f6vzusu olub.<\/p>\n<p>C.Bayramov Az\u0259rbaycan v\u0259 AB\u015e aras\u0131nda m\u00fcxt\u0259lif sah\u0259l\u0259r \u00fczr\u0259 ikit\u0259r\u0259fli v\u0259 \u00e7oxt\u0259r\u0259fli \u0259m\u0259kda\u015fl\u0131q g\u00fcnd\u0259liyinin m\u00f6vcudlu\u011fundan b\u0259hs ed\u0259r\u0259k, m\u00fcnasib\u0259tl\u0259rin inki\u015faf\u0131nda qar\u015f\u0131l\u0131ql\u0131 t\u0259maslar\u0131n \u0259h\u0259miyy\u0259tini qeyd edib.<\/p>\n<p>Post-m\u00fcnaqi\u015f\u0259 d\u00f6vr\u00fcnd\u0259 b\u00f6lg\u0259d\u0259 m\u00f6vcud v\u0259ziyy\u0259t, Erm\u0259nistan t\u0259r\u0259find\u0259n t\u00f6r\u0259dil\u0259n davaml\u0131 h\u0259rbi-siyasi t\u0259xribatlar\u0131n Az\u0259rbaycan\u0131n s\u00fclh v\u0259 quruculuq s\u0259yl\u0259rin\u0259 x\u0259l\u0259l g\u0259tirdiyini diqq\u0259t\u0259 \u00e7atd\u0131r\u0131b. Bu x\u00fcsusda, Erm\u0259nistan\u0131n h\u0259l\u0259 d\u0259 silahl\u0131 q\u00fcvv\u0259l\u0259rini Az\u0259rbaycan \u0259razisind\u0259n h\u0259l\u0259 d\u0259 \u00e7\u0131xarmad\u0131\u011f\u0131n\u0131, Az\u0259rbaycan\u0131n erm\u0259ni sakinl\u0259rinin reinteqrasiya s\u0259yl\u0259rin\u0259 mane\u00e7ilik t\u00f6r\u0259tdiyi, La\u00e7\u0131n yolundan sui-istifad\u0259nin qar\u015f\u0131s\u0131n\u0131 almaq m\u0259qs\u0259dil\u0259 s\u0259rh\u0259d-ke\u00e7id m\u0259nt\u0259q\u0259si yarad\u0131lmas\u0131 t\u0259klifin\u0259 qar\u015f\u0131 \u00e7\u0131xd\u0131\u011f\u0131 bar\u0259d\u0259 m\u0259lumat verilib. Erm\u0259nistan t\u0259r\u0259find\u0259n at\u0131lan qeyri-konstruktiv add\u0131mlara baxmayaraq, Az\u0259rbaycan\u0131n s\u00fclh g\u00fcnd\u0259liyinin ir\u0259li apar\u0131lmas\u0131 istiqam\u0259tind\u0259 s\u0259yl\u0259rin davam etdirilm\u0259sind\u0259 q\u0259rarl\u0131 oldu\u011fu bildirilib.<\/p>\n<p>Derek Hoqan b\u00f6lg\u0259d\u0259 davaml\u0131 s\u00fclh\u00fcn v\u0259 t\u0259hl\u00fck\u0259sizliyin b\u0259rq\u0259rar edilm\u0259si \u00fc\u00e7\u00fcn Az\u0259rbaycan v\u0259 Erm\u0259nistan aras\u0131nda normalla\u015fma prosesinin u\u011furla n\u0259tic\u0259l\u0259nm\u0259sinin, m\u00f6vcud m\u0259s\u0259l\u0259l\u0259rin dan\u0131\u015f\u0131qlar yolu il\u0259 h\u0259llinin vacib oldu\u011funu bildirib. AB\u015e-\u0131n s\u00fclh prosesin\u0259 d\u0259st\u0259k verm\u0259y\u0259 haz\u0131r oldu\u011funu diqq\u0259t\u0259 \u00e7atd\u0131r\u0131b.<\/p>\n<p>Telefon dan\u0131\u015f\u0131\u011f\u0131 zaman\u0131, h\u0259m\u00e7inin qar\u015f\u0131l\u0131ql\u0131 maraq do\u011furan dig\u0259r m\u0259s\u0259l\u0259l\u0259r \u0259traf\u0131nda fikir m\u00fcbadil\u0259si apar\u0131l\u0131b.<\/p>\n<p>&nbsp;<\/p>\n<p><em><strong>\u018fziz\u0259 \u018fliyeva<\/strong><\/em><\/p>\n<p><em><strong>\u00a9 Materiallardan istifad\u0259 ed\u0259rk\u0259n hiperlinkl\u0259 istinad olunmal\u0131d\u0131r<\/strong><\/em><\/p>\n<p><em><strong><a href=\"http:\/\/\u0130NFONEWS\">\u0130NFONEWS<\/a><\/strong><\/em><\/p>\n<p>&nbsp;<\/p>\n","protected":false},"excerpt":{"rendered":"<p>Az\u0259rbaycan X\u0130N ba\u015f\u00e7\u0131s\u0131 AB\u015e d\u00f6vl\u0259t katibinin k\u00f6m\u0259k\u00e7isi il\u0259 telefonla dan\u0131\u015f\u0131b Az\u0259rbaycan\u0131n xarici i\u015fl\u0259r naziri Ceyhun Bayramov il\u0259 AB\u015e d\u00f6vl\u0259t katibinin Avropa v\u0259 Avrasiya m\u0259s\u0259l\u0259l\u0259ri \u00fczr\u0259 k\u00f6m\u0259k\u00e7isi v\u0259zif\u0259sini icra ed\u0259n Derek&hellip; <\/p>\n","protected":false},"author":14,"featured_media":34267,"comment_status":"open","ping_status":"open","sticky":false,"template":"","format":"standard","meta":{"_mi_skip_tracking":false,"_monsterinsights_sitenote_active":false,"_monsterinsights_sitenote_note":"","_monsterinsights_sitenote_category":0,"footnotes":""},"categories":[11,10171,10190],"tags":[10697,10699,10698,10701,10128,10700,6193,1040,124,15,6002],"aioseo_notices":[],"_links":{"self":[{"href":"https:\/\/infonews.az\/index.php?rest_route=\/wp\/v2\/posts\/34266"}],"collection":[{"href":"https:\/\/infonews.az\/index.php?rest_route=\/wp\/v2\/posts"}],"about":[{"href":"https:\/\/infonews.az\/index.php?rest_route=\/wp\/v2\/types\/post"}],"author":[{"embeddable":true,"href":"https:\/\/infonews.az\/index.php?rest_route=\/wp\/v2\/users\/14"}],"replies":[{"embeddable":true,"href":"https:\/\/infonews.az\/index.php?rest_route=%2Fwp%2Fv2%2Fcomments&post=34266"}],"version-history":[{"count":1,"href":"https:\/\/infonews.az\/index.php?rest_route=\/wp\/v2\/posts\/34266\/revisions"}],"predecessor-version":[{"id":34268,"href":"https:\/\/infonews.az\/index.php?rest_route=\/wp\/v2\/posts\/34266\/revisions\/34268"}],"wp:featuredmedia":[{"embeddable":true,"href":"https:\/\/infonews.az\/index.php?rest_route=\/wp\/v2\/media\/34267"}],"wp:attachment":[{"href":"https:\/\/infonews.az\/index.php?rest_route=%2Fwp%2Fv2%2Fmedia&parent=34266"}],"wp:term":[{"taxonomy":"category","embeddable":true,"href":"https:\/\/infonews.az\/index.php?rest_route=%2Fwp%2Fv2%2Fcategories&post=34266"},{"taxonomy":"post_tag","embeddable":true,"href":"https:\/\/infonews.az\/index.php?rest_route=%2Fwp%2Fv2%2Ftags&post=34266"}],"curies":[{"name":"wp","href":"https:\/\/api.w.org\/{rel}","templated":true}]}}