{"id":34309,"date":"2023-04-19T15:59:20","date_gmt":"2023-04-19T11:59:20","guid":{"rendered":"https:\/\/infonews.az\/?p=34309"},"modified":"2023-04-19T15:59:20","modified_gmt":"2023-04-19T11:59:20","slug":"ilham-%c9%99liyev-israilin-xarici-isl%c9%99r-nazirini-q%c9%99bul-edib","status":"publish","type":"post","link":"https:\/\/infonews.az\/?p=34309","title":{"rendered":"\u0130lham \u018fliyev \u0130srailin xarici i\u015fl\u0259r nazirini q\u0259bul edib"},"content":{"rendered":"<p><span style=\"color: #ffffff;\">\u0130lham \u018fliyev \u0130srailin xarici i\u015fl\u0259r nazirini q\u0259bul edib\u00a0<\/span><\/p>\n<blockquote><p><strong>Az\u0259rbaycan Respublikas\u0131n\u0131n Prezidenti \u0130lham \u018fliyev aprelin 19-da \u0130srail D\u00f6vl\u0259tinin xarici i\u015fl\u0259r naziri, Birg\u0259 Komissiyan\u0131n h\u0259ms\u0259dri Eli Koheni q\u0259bul edib.<\/strong><\/p><\/blockquote>\n<p><strong><a href=\"http:\/\/\u0130NFONEWS\">\u0130NFONEWS<\/a><\/strong>\u00a0x\u0259b\u0259r verir ki, Az\u0259rbaycan-\u0130srail m\u00fcnasib\u0259tl\u0259rini y\u00fcks\u0259k qiym\u0259tl\u0259ndir\u0259n d\u00f6vl\u0259timizin ba\u015f\u00e7\u0131s\u0131 \u00f6lk\u0259l\u0259rimiz aras\u0131nda yax\u015f\u0131 siyasi \u0259laq\u0259l\u0259rin m\u00f6vcud oldu\u011funu bildirib.<\/p>\n<p>Prezident \u0130lham \u018fliyev Az\u0259rbaycan\u0131n \u0130sraild\u0259 s\u0259firliyinin a\u00e7\u0131lmas\u0131n\u0131 \u0259laq\u0259l\u0259rimizin y\u00fcks\u0259k s\u0259viyy\u0259d\u0259 olmas\u0131n\u0131n g\u00f6st\u0259ricisi kimi qiym\u0259tl\u0259ndirib v\u0259 bu \u0259laq\u0259l\u0259rin dostluq, qar\u015f\u0131l\u0131ql\u0131 etimad, h\u00f6rm\u0259t v\u0259 d\u0259st\u0259y\u0259 \u0259sasland\u0131\u011f\u0131n\u0131 vur\u011fulay\u0131b. D\u00f6vl\u0259t ba\u015f\u00e7\u0131s\u0131 \u0259m\u0259kda\u015fl\u0131\u011f\u0131m\u0131z\u0131n g\u00fcnd\u0259liyinin geni\u015fl\u0259ndiyini dey\u0259r\u0259k Az\u0259rbaycan Respublikas\u0131 H\u00f6kum\u0259ti il\u0259 \u0130srail D\u00f6vl\u0259ti H\u00f6kum\u0259ti aras\u0131nda Birg\u0259 Komissiyan\u0131n f\u0259aliyy\u0259tini x\u00fcsusi qeyd edib, bunun \u0259laq\u0259l\u0259rin \u015fax\u0259l\u0259nm\u0259si i\u015fin\u0259 t\u00f6hf\u0259 ver\u0259 bil\u0259c\u0259yin\u0259 \u00fcmidvarl\u0131\u011f\u0131n\u0131 bildirib.<\/p>\n<p>Haz\u0131rda Az\u0259rbaycanda iqtisadiyyat\u0131n modernl\u0259\u015fdirilm\u0259si prosesinin u\u011furla h\u0259yata ke\u00e7irildiyini bildir\u0259n Prezident \u0130lham \u018fliyev bu bax\u0131mdan texnologiyalar sah\u0259sind\u0259, o c\u00fcml\u0259d\u0259n ya\u015f\u0131l enerji, a\u011f\u0131ll\u0131 \u015f\u0259h\u0259r v\u0259 a\u011f\u0131ll\u0131 k\u0259nd konsepsiyalar\u0131 il\u0259 ba\u011fl\u0131 t\u0259cr\u00fcb\u0259 m\u00fcbadil\u0259sinin \u00f6n\u0259mini qeyd edib.<\/p>\n<p>D\u00f6vl\u0259t ba\u015f\u00e7\u0131s\u0131 \u018fl\u0259t Azad \u0130qtisadi Zonas\u0131nda yarad\u0131lm\u0131\u015f \u015f\u0259rait bar\u0259d\u0259 m\u0259lumat verib, \u0130srail \u015firk\u0259tl\u0259rinin burada da f\u0259aliyy\u0259t g\u00f6st\u0259rm\u0259l\u0259ri v\u0259 yeni layih\u0259l\u0259rl\u0259 \u00e7\u0131x\u0131\u015f etm\u0259l\u0259ri \u00fc\u00e7\u00fcn yax\u015f\u0131 imkanlar\u0131n oldu\u011funu deyib. H\u0259m\u00e7inin SOCAR-\u0131n \u0130sraild\u0259 karbohidrogen resurslar\u0131n\u0131n istismar\u0131nda i\u015ftirak\u0131 imkanlar\u0131na bax\u0131lmas\u0131n\u0131n da \u00f6n\u0259mi vur\u011fulan\u0131b.<\/p>\n<p>Az\u0259rbaycan\u0131n \u0130sraild\u0259 s\u0259firliyinin a\u00e7\u0131lmas\u0131n\u0131 y\u00fcks\u0259k qiym\u0259tl\u0259ndir\u0259n v\u0259 bunun \u00f6lk\u0259l\u0259rimiz aras\u0131nda strateji \u0259laq\u0259l\u0259r qurulmas\u0131 i\u015fin\u0259 t\u00f6hf\u0259 ver\u0259c\u0259yin\u0259 \u00fcmidvarl\u0131\u011f\u0131n\u0131 bildir\u0259n \u0130srailin xarici i\u015fl\u0259r naziri s\u0259firliyin a\u00e7\u0131lmas\u0131na g\u00f6r\u0259 t\u0259\u015f\u0259kk\u00fcr\u00fcn\u00fc ifad\u0259 edib, \u0130srail il\u0259 Az\u0259rbaycan aras\u0131ndak\u0131 \u0259laq\u0259l\u0259rin strateji xarakter da\u015f\u0131d\u0131\u011f\u0131n\u0131 vur\u011fulay\u0131b. Qonaq dostluq m\u00fcnasib\u0259tl\u0259rimizin t\u0259kc\u0259 d\u00f6vl\u0259tl\u0259rimiz aras\u0131nda deyil, xalqlar\u0131m\u0131z aras\u0131nda da m\u00f6vcud oldu\u011funu bildirib.<\/p>\n<p>Az\u0259rbaycana geni\u015f n\u00fcmay\u0259nd\u0259 hey\u0259ti il\u0259 s\u0259f\u0259r etdiyini vur\u011fulayan \u0130srailin xarici i\u015fl\u0259r naziri turizm sah\u0259sind\u0259 \u0259laq\u0259l\u0259rimiz\u0259 toxunaraq, \u00f6lk\u0259sind\u0259n Az\u0259rbaycana g\u0259l\u0259n turistl\u0259rin say\u0131n\u0131n artmaqda oldu\u011funu qeyd edib. O, \u00f6lk\u0259l\u0259rimiz aras\u0131nda ticar\u0259t d\u00f6vriyy\u0259sinin art\u0131m tempinin m\u00fc\u015fahid\u0259 olundu\u011funu dey\u0259r\u0259k bunun daha da art\u0131r\u0131lmas\u0131 \u00fc\u00e7\u00fcn geni\u015f imkanlar\u0131n oldu\u011funu bildirib.<\/p>\n<p>G\u00f6r\u00fc\u015fd\u0259 iqtisadiyyat, enerji, k\u0259nd t\u0259s\u0259rr\u00fcfat\u0131, b\u0259rpaolunan enerji, investisiyalar, elm, t\u0259hsil, m\u0259d\u0259niyy\u0259t, turizm, t\u0259hl\u00fck\u0259sizlik sah\u0259l\u0259rind\u0259 v\u0259 dig\u0259r sah\u0259l\u0259rd\u0259 \u0259m\u0259kda\u015fl\u0131\u011f\u0131n inki\u015faf\u0131 \u00fc\u00e7\u00fcn geni\u015f imkanlar\u0131n oldu\u011fu vur\u011fulan\u0131b. H\u0259m\u00e7inin su resurslar\u0131n\u0131n idar\u0259 olunmas\u0131 v\u0259 d\u0259niz suyunun \u015firinl\u0259\u015fdirilm\u0259si, s\u0259hrala\u015fma prosesinin qar\u015f\u0131s\u0131n\u0131n al\u0131nmas\u0131, s\u0259hra v\u0259 yar\u0131ms\u0259hra \u015f\u0259raitind\u0259 k\u0259nd t\u0259s\u0259rr\u00fcfat\u0131n\u0131n inki\u015faf etdirilm\u0259si sah\u0259l\u0259rind\u0259 \u0130srailin t\u0259cr\u00fcb\u0259sinin Az\u0259rbaycan \u00fc\u00e7\u00fcn maraql\u0131 oldu\u011fu qeyd edilib.<\/p>\n<p>&nbsp;<\/p>\n<p><em><strong>\u018fziz\u0259 \u018flizad\u0259<\/strong><\/em><\/p>\n<p><em><strong>\u00a9 Materiallardan istifad\u0259 ed\u0259rk\u0259n hiperlinkl\u0259 istinad olunmal\u0131d\u0131r<\/strong><\/em><\/p>\n<p><em><strong><a href=\"http:\/\/\u0130NFONEWS\">\u0130NFONEWS<\/a><\/strong><\/em><\/p>\n","protected":false},"excerpt":{"rendered":"<p>\u0130lham \u018fliyev \u0130srailin xarici i\u015fl\u0259r nazirini q\u0259bul edib\u00a0 Az\u0259rbaycan Respublikas\u0131n\u0131n Prezidenti \u0130lham \u018fliyev aprelin 19-da \u0130srail D\u00f6vl\u0259tinin xarici i\u015fl\u0259r naziri, Birg\u0259 Komissiyan\u0131n h\u0259ms\u0259dri Eli Koheni q\u0259bul edib. \u0130NFONEWS\u00a0x\u0259b\u0259r verir ki,&hellip; <\/p>\n","protected":false},"author":14,"featured_media":34310,"comment_status":"open","ping_status":"open","sticky":false,"template":"","format":"standard","meta":{"_mi_skip_tracking":false,"_monsterinsights_sitenote_active":false,"_monsterinsights_sitenote_note":"","_monsterinsights_sitenote_category":0,"footnotes":""},"categories":[6,11,10171],"tags":[10091,20,15,183,4911],"aioseo_notices":[],"_links":{"self":[{"href":"https:\/\/infonews.az\/index.php?rest_route=\/wp\/v2\/posts\/34309"}],"collection":[{"href":"https:\/\/infonews.az\/index.php?rest_route=\/wp\/v2\/posts"}],"about":[{"href":"https:\/\/infonews.az\/index.php?rest_route=\/wp\/v2\/types\/post"}],"author":[{"embeddable":true,"href":"https:\/\/infonews.az\/index.php?rest_route=\/wp\/v2\/users\/14"}],"replies":[{"embeddable":true,"href":"https:\/\/infonews.az\/index.php?rest_route=%2Fwp%2Fv2%2Fcomments&post=34309"}],"version-history":[{"count":1,"href":"https:\/\/infonews.az\/index.php?rest_route=\/wp\/v2\/posts\/34309\/revisions"}],"predecessor-version":[{"id":34311,"href":"https:\/\/infonews.az\/index.php?rest_route=\/wp\/v2\/posts\/34309\/revisions\/34311"}],"wp:featuredmedia":[{"embeddable":true,"href":"https:\/\/infonews.az\/index.php?rest_route=\/wp\/v2\/media\/34310"}],"wp:attachment":[{"href":"https:\/\/infonews.az\/index.php?rest_route=%2Fwp%2Fv2%2Fmedia&parent=34309"}],"wp:term":[{"taxonomy":"category","embeddable":true,"href":"https:\/\/infonews.az\/index.php?rest_route=%2Fwp%2Fv2%2Fcategories&post=34309"},{"taxonomy":"post_tag","embeddable":true,"href":"https:\/\/infonews.az\/index.php?rest_route=%2Fwp%2Fv2%2Ftags&post=34309"}],"curies":[{"name":"wp","href":"https:\/\/api.w.org\/{rel}","templated":true}]}}