{"id":34325,"date":"2023-04-19T21:45:30","date_gmt":"2023-04-19T17:45:30","guid":{"rendered":"https:\/\/infonews.az\/?p=34325"},"modified":"2023-04-19T21:45:30","modified_gmt":"2023-04-19T17:45:30","slug":"az%c9%99rbaycanda-n%c9%99qliyyati-%c9%99laq%c9%99l%c9%99ndirm%c9%99-surasi-yaradilir-s%c9%99r%c9%99ncam","status":"publish","type":"post","link":"https:\/\/infonews.az\/?p=34325","title":{"rendered":"Az\u0259rbaycanda N\u0259qliyyat\u0131 \u018flaq\u0259l\u0259ndirm\u0259 \u015euras\u0131 yarad\u0131l\u0131r &#8211; S\u018fR\u018fNCAM"},"content":{"rendered":"<p><span style=\"color: #ffffff;\">Az\u0259rbaycanda N\u0259qliyyat\u0131 \u018flaq\u0259l\u0259ndirm\u0259 \u015euras\u0131 yarad\u0131l\u0131r &#8211; S\u018fR\u018fNCAM<\/span><\/p>\n<blockquote><p><strong>Az\u0259rbaycanda N\u0259qliyyat\u0131 \u018flaq\u0259l\u0259ndirm\u0259 \u015euras\u0131 yarad\u0131l\u0131r.<\/strong><\/p><\/blockquote>\n<p><strong><a href=\"http:\/\/\u0130NFONEWS\">\u0130NFONEWS<\/a><\/strong>\u00a0x\u0259b\u0259r verir ki, Prezident \u0130lham \u018fliyev bununla ba\u011fl\u0131 s\u0259r\u0259ncam imzalay\u0131b.<\/p>\n<p>S\u0259r\u0259ncamla n\u0259qliyyat\u0131n ayr\u0131-ayr\u0131 n\u00f6vl\u0259rinin koordinasiyal\u0131 f\u0259aliyy\u0259tinin v\u0259 \u0259halinin mobilliyinin t\u0259min edilm\u0259si, yol v\u0259 n\u0259qliyyat infrastrukturunun inki\u015faf etdirilm\u0259si, yol h\u0259r\u0259k\u0259tinin t\u0259\u015fkili, t\u0259hl\u00fck\u0259sizliyi v\u0259 t\u0259nziml\u0259nm\u0259si sah\u0259l\u0259rind\u0259 f\u0259aliyy\u0259tin \u0259laq\u0259l\u0259ndirilm\u0259si v\u0259 t\u0259kmill\u0259\u015fdirilm\u0259si m\u0259qs\u0259dil\u0259 a\u015fa\u011f\u0131dak\u0131 t\u0259rkibd\u0259 N\u0259qliyyat\u0131 \u018flaq\u0259l\u0259ndirm\u0259 \u015euras\u0131 (bundan sonra \u2013 \u015eura) yarad\u0131l\u0131r:<\/p>\n<p>\u015euran\u0131n s\u0259dri<\/p>\n<p>Az\u0259rbaycan Respublikas\u0131n\u0131n r\u0259q\u0259msal inki\u015faf v\u0259 n\u0259qliyyat naziri<\/p>\n<p>\u015euran\u0131n \u00fczvl\u0259ri:<\/p>\n<p>Az\u0259rbaycan Respublikas\u0131 Nazirl\u0259r Kabineti Aparat\u0131n\u0131n N\u0259qliyyat, kommunikasiya v\u0259 innovasiya \u015f\u00f6b\u0259sinin m\u00fcdiri<\/p>\n<p>Az\u0259rbaycan Respublikas\u0131 daxili i\u015fl\u0259r nazirinin m\u00fcavini<\/p>\n<p>Az\u0259rbaycan Respublikas\u0131 ekologiya v\u0259 t\u0259bii s\u0259rv\u0259tl\u0259r nazirinin m\u00fcavini<\/p>\n<p>Az\u0259rbaycan Respublikas\u0131n\u0131n D\u00f6vl\u0259t \u015e\u0259h\u0259rsalma v\u0259 Arxitektura Komit\u0259si s\u0259drinin m\u00fcavini<\/p>\n<p>Bak\u0131 \u015e\u0259h\u0259r \u0130cra Hakimiyy\u0259ti ba\u015f\u00e7\u0131s\u0131n\u0131n m\u00fcavini<\/p>\n<p>Az\u0259rbaycan Avtomobil Yollar\u0131 D\u00f6vl\u0259t Agentliyi \u0130dar\u0259 Hey\u0259ti s\u0259drinin m\u00fcavini<\/p>\n<p>Az\u0259rbaycan Yer\u00fcst\u00fc N\u0259qliyyat Agentliyi \u0130dar\u0259 Hey\u0259tinin s\u0259dri<\/p>\n<p>\u201cAz\u0259rbaycan D\u0259mir Yollar\u0131\u201d Qapal\u0131 S\u0259hmdar C\u0259miyy\u0259tinin s\u0259dri<\/p>\n<p>\u201cBak\u0131 Metropoliteni\u201d Qapal\u0131 S\u0259hmdar C\u0259miyy\u0259tinin s\u0259dri.<\/p>\n<p>Nazirl\u0259r Kabineti bir ay m\u00fcdd\u0259tind\u0259 \u015euran\u0131n \u018fsasnam\u0259 layih\u0259si il\u0259 ba\u011fl\u0131 t\u0259klifl\u0259rini haz\u0131rlay\u0131b Az\u0259rbaycan Respublikas\u0131n\u0131n Prezidentin\u0259 t\u0259qdim etm\u0259li, \u015euran\u0131n yarad\u0131lmas\u0131 il\u0259 ba\u011fl\u0131 n\u0259qliyyat sah\u0259sind\u0259 t\u0259nziml\u0259m\u0259nin t\u0259kmill\u0259\u015fdirilm\u0259si il\u0259 \u0259laq\u0259dar normativ h\u00fcquqi aktlar\u0131n layih\u0259l\u0259rini haz\u0131rlay\u0131b Az\u0259rbaycan Respublikas\u0131n\u0131n Prezidentin\u0259 t\u0259qdim etm\u0259li, s\u0259r\u0259ncamdan ir\u0259li g\u0259l\u0259n dig\u0259r m\u0259s\u0259l\u0259l\u0259ri h\u0259ll etm\u0259lidir.<\/p>\n<p>&nbsp;<\/p>\n<p><em><strong>\u018fziz\u0259 \u018flizad\u0259<\/strong><\/em><\/p>\n<p><em><strong>\u00a9 Materiallardan istifad\u0259 ed\u0259rk\u0259n hiperlinkl\u0259 istinad olunmal\u0131d\u0131r<\/strong><\/em><\/p>\n<p><em><strong><a href=\"http:\/\/\u0130NFONEWS\">\u0130NFONEWS<\/a><\/strong><\/em><\/p>\n","protected":false},"excerpt":{"rendered":"<p>Az\u0259rbaycanda N\u0259qliyyat\u0131 \u018flaq\u0259l\u0259ndirm\u0259 \u015euras\u0131 yarad\u0131l\u0131r &#8211; S\u018fR\u018fNCAM Az\u0259rbaycanda N\u0259qliyyat\u0131 \u018flaq\u0259l\u0259ndirm\u0259 \u015euras\u0131 yarad\u0131l\u0131r. \u0130NFONEWS\u00a0x\u0259b\u0259r verir ki, Prezident \u0130lham \u018fliyev bununla ba\u011fl\u0131 s\u0259r\u0259ncam imzalay\u0131b. S\u0259r\u0259ncamla n\u0259qliyyat\u0131n ayr\u0131-ayr\u0131 n\u00f6vl\u0259rinin koordinasiyal\u0131 f\u0259aliyy\u0259tinin v\u0259 \u0259halinin&hellip; <\/p>\n","protected":false},"author":14,"featured_media":34326,"comment_status":"open","ping_status":"open","sticky":false,"template":"","format":"standard","meta":{"_mi_skip_tracking":false,"_monsterinsights_sitenote_active":false,"_monsterinsights_sitenote_note":"","_monsterinsights_sitenote_category":0,"footnotes":""},"categories":[5373,4632],"tags":[10736,10737,13,20,15,34],"aioseo_notices":[],"_links":{"self":[{"href":"https:\/\/infonews.az\/index.php?rest_route=\/wp\/v2\/posts\/34325"}],"collection":[{"href":"https:\/\/infonews.az\/index.php?rest_route=\/wp\/v2\/posts"}],"about":[{"href":"https:\/\/infonews.az\/index.php?rest_route=\/wp\/v2\/types\/post"}],"author":[{"embeddable":true,"href":"https:\/\/infonews.az\/index.php?rest_route=\/wp\/v2\/users\/14"}],"replies":[{"embeddable":true,"href":"https:\/\/infonews.az\/index.php?rest_route=%2Fwp%2Fv2%2Fcomments&post=34325"}],"version-history":[{"count":1,"href":"https:\/\/infonews.az\/index.php?rest_route=\/wp\/v2\/posts\/34325\/revisions"}],"predecessor-version":[{"id":34327,"href":"https:\/\/infonews.az\/index.php?rest_route=\/wp\/v2\/posts\/34325\/revisions\/34327"}],"wp:featuredmedia":[{"embeddable":true,"href":"https:\/\/infonews.az\/index.php?rest_route=\/wp\/v2\/media\/34326"}],"wp:attachment":[{"href":"https:\/\/infonews.az\/index.php?rest_route=%2Fwp%2Fv2%2Fmedia&parent=34325"}],"wp:term":[{"taxonomy":"category","embeddable":true,"href":"https:\/\/infonews.az\/index.php?rest_route=%2Fwp%2Fv2%2Fcategories&post=34325"},{"taxonomy":"post_tag","embeddable":true,"href":"https:\/\/infonews.az\/index.php?rest_route=%2Fwp%2Fv2%2Ftags&post=34325"}],"curies":[{"name":"wp","href":"https:\/\/api.w.org\/{rel}","templated":true}]}}