{"id":34330,"date":"2023-04-19T22:00:12","date_gmt":"2023-04-19T18:00:12","guid":{"rendered":"https:\/\/infonews.az\/?p=34330"},"modified":"2023-04-20T17:50:59","modified_gmt":"2023-04-20T13:50:59","slug":"g%c9%99ncl%c9%99rin-ictimai-f%c9%99alligini-artirmaq-prioritet-istiqam%c9%99tl%c9%99rd%c9%99ndir-infonews","status":"publish","type":"post","link":"https:\/\/infonews.az\/?p=34330","title":{"rendered":"\u201cG\u0259ncl\u0259rin ictimai f\u0259all\u0131\u011f\u0131n\u0131 art\u0131rmaq prioritet istiqam\u0259tl\u0259rd\u0259ndir\u201d"},"content":{"rendered":"<blockquote><p>\u201cG\u0259nc n\u0259slin ictimai f\u0259all\u0131\u011f\u0131n\u0131n art\u0131r\u0131lmas\u0131 d\u00f6vl\u0259timizin g\u0259ncl\u0259r siyas\u0259tinin prioritet istiqam\u0259tl\u0259rind\u0259n biridir\u201d &#8211;<span style=\"color: #333399;\"><strong><a style=\"color: #333399;\" href=\"https:\/\/infonews.az\/\">\u0130NFONEWS<\/a><\/strong><\/span><\/p><\/blockquote>\n<p>T\u0259hsilalanlar aras\u0131nda ictimai f\u0259all\u0131q onlar\u0131n \u00fcmumi inki\u015faf\u0131n\u0131n vacib aspektidir. Bu, t\u0259hsilalanlara laz\u0131mi m\u00fcnasib\u0259tl\u0259r qurma\u011fa, yeni m\u00fcxt\u0259lif bacar\u0131qlar \u00f6yr\u0259nm\u0259y\u0259, eyni zamanda sosial v\u0259 emosional z\u0259kan\u0131n inki\u015faf\u0131na k\u00f6m\u0259k edir. Bununla bel\u0259, sosial median\u0131n kommunikasiya m\u0259nz\u0259r\u0259sind\u0259 \u00fcst\u00fcnl\u00fck t\u0259\u015fkil etdiyi bug\u00fcnk\u00fc r\u0259q\u0259msal \u0259srd\u0259 t\u0259l\u0259b\u0259l\u0259r aras\u0131nda \u00fcz-\u00fcz\u0259 \u00fcnsiyy\u0259tin daha az yay\u0131ld\u0131\u011f\u0131 m\u00fc\u015fahid\u0259 edilir. N\u0259tic\u0259d\u0259, bir \u00e7ox t\u0259l\u0259b\u0259 laz\u0131mi \u0259laq\u0259l\u0259r qurmaq v\u0259 m\u00fcnasib\u0259tl\u0259rini saxlamaq \u00fc\u00e7\u00fcn m\u00fcbariz\u0259 apar\u0131r, bu b\u0259z\u0259n t\u0259crid v\u0259 h\u0259tta depressiya hissl\u0259rinin yaranmas\u0131na s\u0259b\u0259b olur. Dig\u0259r aspektd\u0259n yana\u015fsaq, m\u00fcasir d\u00fcnyada t\u0259hsilalanlar akademik v\u0259 \u015f\u0259xsi u\u011furlar\u0131na t\u0259sir ed\u0259 bil\u0259c\u0259k geni\u015f spektrli t\u0259zyiq v\u0259 probleml\u0259rl\u0259 \u00fczl\u0259\u015firl\u0259r.<\/p>\n<p>Bu \u00e7\u0259tinlikl\u0259rin \u00f6hd\u0259sind\u0259n g\u0259lm\u0259yin yollar\u0131ndan biri d\u0259 ictimai-sosial f\u0259aliyy\u0259tdir. \u0130ctimai-sosial f\u0259aliyy\u0259t onlara h\u0259mya\u015f\u0131dlar\u0131 il\u0259 \u0259laq\u0259l\u0259r yaratmaq, vacib bacar\u0131qlar\u0131 inki\u015faf etdirm\u0259k v\u0259 \u00fcmumi rifah\u0131n\u0131 yax\u015f\u0131la\u015fd\u0131rmaq, eyni zamanda m\u00fcasir d\u00f6vr\u00fcn t\u0259l\u0259bl\u0259rin\u0259 adaptasiya olmaq \u00fc\u00e7\u00fcn d\u0259y\u0259rli imkanlar t\u0259qdim ed\u0259 bil\u0259r. Ara\u015fd\u0131rmalar g\u00f6st\u0259rir ki, ictimai-sosial f\u0259aliyy\u0259t t\u0259hsilalanlar\u0131n akademik f\u0259aliyy\u0259tin\u0259 m\u00fcsb\u0259t t\u0259sir g\u00f6st\u0259r\u0259 bil\u0259r. Onlar h\u0259mya\u015f\u0131dlar\u0131 il\u0259 \u00fcnsiyy\u0259td\u0259 olduqda v\u0259 onlarla \u00fcnsiyy\u0259t qurduqda, asanl\u0131qla \u00f6z fikirl\u0259rini payla\u015fa, layih\u0259l\u0259r v\u0259 tap\u015f\u0131r\u0131qlar \u00fcz\u0259rind\u0259 \u0259m\u0259kda\u015fl\u0131q ed\u0259 v\u0259 i\u015fl\u0259ri il\u0259 ba\u011fl\u0131 r\u0259yl\u0259r ala bil\u0259rl\u0259r.<\/p>\n<p>Bundan \u0259lav\u0259, sosial qar\u015f\u0131l\u0131ql\u0131 \u0259laq\u0259 bu qrupun m\u0259n\u0259viyyat\u0131n\u0131 y\u00fcks\u0259ld\u0259 bil\u0259r ki, bu da onlar\u0131n akademik u\u011fur \u00fc\u00e7\u00fcn m\u00f6vqeyinin yax\u015f\u0131la\u015fd\u0131rmas\u0131na g\u0259tirib \u00e7\u0131xar\u0131r. Sosialla\u015fma t\u0259hsilalanlar aras\u0131nda aidiyyat hissi yaratma\u011fa v\u0259 \u00f6zl\u0259rini onlar\u0131 d\u0259st\u0259kl\u0259y\u0259n bir c\u0259miyy\u0259tin bir hiss\u0259si hiss etm\u0259l\u0259rin\u0259 s\u0259b\u0259b olur. Bu, \u00f6z n\u00f6vb\u0259sind\u0259, akademik v\u0259 \u015f\u0259xsi \u00e7\u0259tinlikl\u0259rin \u00f6hd\u0259sind\u0259n g\u0259lm\u0259y\u0259 k\u00f6m\u0259k edir, onlar\u0131n inam\u0131n\u0131 art\u0131r\u0131r v\u0259 stress s\u0259viyy\u0259l\u0259rini azald\u0131r. T\u0259hsilalanlar aras\u0131nda ictimai f\u0259all\u0131\u011f\u0131n art\u0131r\u0131lmas\u0131 \u00fcmumi olaraq ictimai f\u0259aliyy\u0259tin inki\u015faf\u0131na x\u00fcsusi t\u0259sir g\u00f6st\u0259rir. Bu sah\u0259d\u0259 ciddi ara\u015fd\u0131rmalar\u0131n apar\u0131lmas\u0131 zaman\u0131 ictimai f\u0259aliyy\u0259tin inki\u015faf\u0131 \u00fc\u00e7\u00fcn f\u0259rqli t\u0259cr\u00fcb\u0259l\u0259r v\u0259 m\u0259lumatlar\u0131n bir araya g\u0259tirilm\u0259si vacibdir. Bu, f\u0259rqli insanlarla \u0259laq\u0259l\u0259r quraraq, f\u0259rqli ideyalar\u0131n v\u0259 inki\u015faf yollar\u0131n\u0131n payla\u015f\u0131lmas\u0131na v\u0259 qar\u015f\u0131l\u0131ql\u0131 \u00f6yr\u0259nm\u0259y\u0259 imkan verir. Bir s\u00f6zl\u0259 des\u0259k t\u0259hsilalanlar aras\u0131nda ictimai f\u0259all\u0131\u011f\u0131n art\u0131r\u0131lmas\u0131 \u00e7ox \u00f6n\u0259mlidir. Bu istiqam\u0259td\u0259 m\u00fcxt\u0259lif \u00f6lk\u0259l\u0259rin, beyn\u0259lxalq t\u0259\u015fkilatlar\u0131n t\u0259cr\u00fcb\u0259sin\u0259 baxaq bil\u0259rik.<\/p>\n<p>M\u0259s\u0259l\u0259n, ictimai f\u0259all\u0131\u011f\u0131n art\u0131r\u0131lmas\u0131 istiqam\u0259tind\u0259 el\u0259 \u00f6z \u00f6lk\u0259mizd\u0259 m\u00f6vcud olan praktikaya n\u0259z\u0259r salaq. Qeyd ed\u0259k ki, g\u0259nc n\u0259slin ictimai f\u0259all\u0131\u011f\u0131n\u0131n art\u0131r\u0131lmas\u0131 d\u00f6vl\u0259timizin g\u0259ncl\u0259r siyas\u0259tinin prioritet istiqam\u0259tl\u0259rind\u0259n biridir. Bu g\u00fcn \u00f6lk\u0259mizd\u0259 \u00f6lk\u0259 ba\u015f\u00e7\u0131s\u0131 t\u0259r\u0259find\u0259n m\u0259kt\u0259b v\u0259 liseyl\u0259rd\u0259, kollec v\u0259 universitetl\u0259rd\u0259 t\u0259hsil alan yeniyetm\u0259 v\u0259 g\u0259ncl\u0259rin h\u0259rt\u0259r\u0259fli inki\u015faf\u0131 \u00fc\u00e7\u00fcn \u015f\u0259raitin yarad\u0131lmas\u0131na, onlar\u0131n yarad\u0131c\u0131l\u0131q potensial\u0131n\u0131n \u00f6lk\u0259mizin inki\u015faf\u0131, d\u00f6vl\u0259timizin siyasi, iqtisadi, h\u0259rbi q\u00fcdr\u0259tinin art\u0131r\u0131lmas\u0131, xalq\u0131m\u0131z\u0131n rifah s\u0259viyy\u0259sinin daha da y\u00fcks\u0259ldilm\u0259si u\u011frunda s\u0259f\u0259rb\u0259r edilm\u0259sin\u0259 x\u00fcsusi diqq\u0259tl\u0259 yana\u015f\u0131l\u0131r. D\u00f6vl\u0259timizin h\u0259yata ke\u00e7irdiyi g\u0259ncl\u0259r siyas\u0259ti g\u0259ncl\u0259r aras\u0131nda ictimai f\u0259all\u0131\u011f\u0131n art\u0131r\u0131lmas\u0131 prosesind\u0259 stimulverici b\u00f6y\u00fck amildir.<\/p>\n<p>Bu g\u00fcn \u00f6lk\u0259mizd\u0259 g\u0259ncl\u0259rin davaml\u0131 inki\u015faf\u0131n\u0131 t\u0259min etm\u0259k \u00fc\u00e7\u00fcn m\u00fcxt\u0259lif istiqam\u0259tl\u0259r \u00fczr\u0259 kifay\u0259t q\u0259d\u0259r g\u0259ncl\u0259r t\u0259\u015fkilatlar\u0131, k\u00f6n\u00fcll\u00fc t\u0259\u015fkilatlar\u0131, ictimai birlikl\u0259r, eyni zamanda g\u0259ncl\u0259r sektorunda f\u0259aliyy\u0259t g\u00f6st\u0259r\u0259n bir \u00e7ox t\u0259\u015fkilatlar\u0131n bir araya g\u0259ldiyi, Az\u0259rbaycan Respublikas\u0131 G\u0259ncl\u0259r T\u0259\u015fkilatlar\u0131 Milli \u015euras\u0131 (NAYORA), Az\u0259rbaycan T\u0259l\u0259b\u0259 G\u0259ncl\u0259r T\u0259\u015fkilatlar\u0131 \u0130ttifaq\u0131 (ATGT\u0130), Az\u0259rbaycan K\u00f6n\u00fcll\u00fc T\u0259\u015fkilatlar\u0131 \u0130ttifaq\u0131 (AKT\u0130) v\u0259.s kimi qurumlar f\u0259aliyy\u0259t g\u00f6st\u0259rir. G\u0259ncl\u0259r t\u0259\u015fkilatlar\u0131 d\u00f6vl\u0259t g\u0259ncl\u0259r siyas\u0259tinin \u0259sas istiqam\u0259tl\u0259rind\u0259n biri olmaqla yana\u015f\u0131, v\u0259t\u0259nda\u015f c\u0259miyy\u0259tinin qurulmas\u0131nda, \u00f6lk\u0259mizin inki\u015faf\u0131nda g\u0259ncl\u0259rin i\u015ftirak\u0131n\u0131 \u015f\u0259rtl\u0259ndir\u0259n \u0259sas amill\u0259rd\u0259n biridir. M\u0259hz bu s\u0259b\u0259bd\u0259n g\u0259ncl\u0259r t\u0259\u015fkilatlar\u0131 il\u0259 i\u015fin t\u0259\u015fkili v\u0259 bu istiqam\u0259t\u0259 \u00f6lk\u0259 r\u0259hb\u0259rliyinin birba\u015fa diqq\u0259t g\u00f6st\u0259rm\u0259si g\u0259l\u0259c\u0259k n\u0259slin v\u0259 ictimai-sosial sektorun h\u0259rt\u0259r\u0259fli inki\u015faf\u0131n\u0131 k\u00f6kl\u00fc \u015f\u0259kild\u0259 t\u0259min ed\u0259n \u0259sas faktordur.<\/p>\n<p>Bu g\u00fcn t\u0259hsil m\u00fc\u0259ssis\u0259l\u0259rind\u0259ki m\u00f6vcud duruma baxsaq dem\u0259k olar ki, Az\u0259rbaycanda b\u00fct\u00fcn orta, ali v\u0259.s dig\u0259r t\u0259hsil m\u00fc\u0259ssis\u0259l\u0259rind\u0259 t\u0259l\u0259b\u0259 t\u0259\u015fkilatlar\u0131, t\u0259l\u0259b\u0259 klublar\u0131 f\u0259aliyy\u0259t g\u00f6st\u0259rir. Bunlar\u0131n f\u0259aliyy\u0259t istiqam\u0259tl\u0259rini ara\u015fd\u0131rsaq h\u0259m klassik t\u0259\u015fkilatlar\u0131n , h\u0259m d\u0259 ixtisasla\u015fm\u0131\u015f t\u0259\u015fkilatlar\u0131n oldu\u011funu g\u00f6r\u0259 bil\u0259rik. M\u0259s\u0259l\u0259n bunlara daha \u00e7ox T\u0259l\u0259b\u0259 G\u0259ncl\u0259r T\u0259\u015fkilat\u0131n\u0131, T\u0259l\u0259b\u0259 Elmi C\u0259miyy\u0259tini, T\u0259l\u0259b\u0259 H\u0259mkarlar \u0130ttifaq\u0131 Komit\u0259sini v\u0259.s aid etm\u0259k olar. Bununla yana\u015f\u0131 b\u0259zi universitetl\u0259rd\u0259 m\u00fcasir d\u00f6vr\u00fcn t\u0259l\u0259bl\u0259rin\u0259 uy\u011fun olaraq spesifik f\u0259aliyy\u0259tl\u0259ri olan, \u0130T, r\u0259q\u0259msalla\u015fma v\u0259.s kimi sah\u0259l\u0259rd\u0259 ixtisasla\u015fm\u0131\u015f t\u0259l\u0259b\u0259 klublar\u0131 f\u0259aliyy\u0259t g\u00f6st\u0259rir. Eyni zamanda sadalad\u0131\u011f\u0131m\u0131z bu t\u0259\u015fkilatlara \u00fczv olmaq, onlar\u0131n i\u015find\u0259 aktiv i\u015ftirak etm\u0259k b\u00fct\u00fcn g\u0259ncl\u0259r, t\u0259hsilalanlar \u00fc\u00e7\u00fcn \u0259l\u00e7atand\u0131r.<\/p>\n<p>\u00dcmumi bax\u0131\u015f ke\u00e7irdikd\u0259n sonra n\u0259tic\u0259 olaraq b\u00fct\u00fcn t\u0259hsilalanlar, \u0259vv\u0259ld\u0259 d\u0259 qeyd etdiyimiz kimi h\u0259m universitet daxilind\u0259 , h\u0259m d\u0259 universitetd\u0259n k\u0259nar f\u0259aliyy\u0259t g\u00f6st\u0259r\u0259n g\u0259ncl\u0259r t\u0259\u015fkilatlar\u0131na, ictimai birlikl\u0259r\u0259 v\u0259.s \u00fczv olub, onlar\u0131n h\u0259yata ke\u00e7irdiyi f\u0259aliyy\u0259tl\u0259rd\u0259, layih\u0259l\u0259rd\u0259 aktiv i\u015ftirak ed\u0259r\u0259k \u00f6zl\u0259rinin liderlik, kommunikasiya, idar\u0259\u00e7ilik v\u0259.s bacar\u0131qlar\u0131n\u0131 inki\u015faf etdir\u0259 bil\u0259rl\u0259r. Bununla b\u0259rab\u0259r maarifl\u0259ndirm\u0259 v\u0259 h\u0259mr\u0259ylik i\u015fl\u0259ri, m\u0259d\u0259ni f\u0259aliyy\u0259tl\u0259r v\u0259 dig\u0259r sosial t\u0259dbirl\u0259rin t\u0259\u015fkili prosesind\u0259 i\u015ftirak ed\u0259r\u0259k, n\u0259tic\u0259d\u0259 ictimai f\u0259all\u0131\u011flar\u0131n\u0131 art\u0131r\u0131b \u00fcmumi rifahlar\u0131n\u0131 yax\u015f\u0131la\u015fd\u0131ra, sosial v\u0259 emosional z\u0259kalar\u0131n\u0131n inki\u015faf\u0131n\u0131 t\u0259kmill\u0259\u015fdir\u0259 bil\u0259rl\u0259r.<\/p>\n<p style=\"text-align: right;\"><em><strong>Cabbar C\u018fL\u0130LOV<\/strong><strong><br \/>\nAz<\/strong><strong>\u0259<\/strong><strong>rbaycan D\u00f6vl<\/strong><strong>\u0259<\/strong><strong>t \u0130qtisad Universiteti (UNEC)<br \/>\n\u201cMaliyy<\/strong><strong>\u0259<\/strong><strong>\u00a0v<\/strong><strong>\u0259<\/strong><strong>\u00a0m\u00fchasibat\u201d fak\u00fclt<\/strong><strong>\u0259<\/strong><strong>sinin 4-c\u00fc kurs t<\/strong><strong>\u0259<\/strong><strong>l<\/strong><strong>\u0259<\/strong><strong>b<\/strong><strong>\u0259<\/strong><strong>si<\/strong><\/em><\/p>\n<p style=\"text-align: right;\"><em><strong>T<\/strong><strong>\u0259<\/strong><strong>l<\/strong><strong>\u0259<\/strong><strong>b<\/strong><strong>\u0259<\/strong><strong>-rektor<\/strong><\/em><\/p>\n","protected":false},"excerpt":{"rendered":"<p>\u201cG\u0259nc n\u0259slin ictimai f\u0259all\u0131\u011f\u0131n\u0131n art\u0131r\u0131lmas\u0131 d\u00f6vl\u0259timizin g\u0259ncl\u0259r siyas\u0259tinin prioritet istiqam\u0259tl\u0259rind\u0259n biridir\u201d &#8211;\u0130NFONEWS T\u0259hsilalanlar aras\u0131nda ictimai f\u0259all\u0131q onlar\u0131n \u00fcmumi inki\u015faf\u0131n\u0131n vacib aspektidir. Bu, t\u0259hsilalanlara laz\u0131mi m\u00fcnasib\u0259tl\u0259r qurma\u011fa, yeni m\u00fcxt\u0259lif bacar\u0131qlar \u00f6yr\u0259nm\u0259y\u0259,&hellip; <\/p>\n","protected":false},"author":16,"featured_media":34334,"comment_status":"open","ping_status":"open","sticky":false,"template":"","format":"standard","meta":{"_mi_skip_tracking":false,"_monsterinsights_sitenote_active":false,"_monsterinsights_sitenote_note":"","_monsterinsights_sitenote_category":0,"footnotes":""},"categories":[5373,11,3],"tags":[10741,7383,10740,10739,51],"aioseo_notices":[],"_links":{"self":[{"href":"https:\/\/infonews.az\/index.php?rest_route=\/wp\/v2\/posts\/34330"}],"collection":[{"href":"https:\/\/infonews.az\/index.php?rest_route=\/wp\/v2\/posts"}],"about":[{"href":"https:\/\/infonews.az\/index.php?rest_route=\/wp\/v2\/types\/post"}],"author":[{"embeddable":true,"href":"https:\/\/infonews.az\/index.php?rest_route=\/wp\/v2\/users\/16"}],"replies":[{"embeddable":true,"href":"https:\/\/infonews.az\/index.php?rest_route=%2Fwp%2Fv2%2Fcomments&post=34330"}],"version-history":[{"count":10,"href":"https:\/\/infonews.az\/index.php?rest_route=\/wp\/v2\/posts\/34330\/revisions"}],"predecessor-version":[{"id":34407,"href":"https:\/\/infonews.az\/index.php?rest_route=\/wp\/v2\/posts\/34330\/revisions\/34407"}],"wp:featuredmedia":[{"embeddable":true,"href":"https:\/\/infonews.az\/index.php?rest_route=\/wp\/v2\/media\/34334"}],"wp:attachment":[{"href":"https:\/\/infonews.az\/index.php?rest_route=%2Fwp%2Fv2%2Fmedia&parent=34330"}],"wp:term":[{"taxonomy":"category","embeddable":true,"href":"https:\/\/infonews.az\/index.php?rest_route=%2Fwp%2Fv2%2Fcategories&post=34330"},{"taxonomy":"post_tag","embeddable":true,"href":"https:\/\/infonews.az\/index.php?rest_route=%2Fwp%2Fv2%2Ftags&post=34330"}],"curies":[{"name":"wp","href":"https:\/\/api.w.org\/{rel}","templated":true}]}}