{"id":34361,"date":"2023-04-20T09:19:50","date_gmt":"2023-04-20T05:19:50","guid":{"rendered":"https:\/\/infonews.az\/?p=34361"},"modified":"2023-04-20T09:19:50","modified_gmt":"2023-04-20T05:19:50","slug":"prezident-ilham-%c9%99liyev-bna-il%c9%99-bagli-f%c9%99rman-imzalayib","status":"publish","type":"post","link":"https:\/\/infonews.az\/?p=34361","title":{"rendered":"Prezident \u0130lham \u018fliyev BNA il\u0259 ba\u011fl\u0131 f\u0259rman imzalay\u0131b"},"content":{"rendered":"<p><span style=\"color: #ffffff;\">Prezident \u0130lham \u018fliyev BNA il\u0259 ba\u011fl\u0131 f\u0259rman imzalay\u0131b<\/span><\/p>\n<blockquote><p><strong>Prezident \u0130lham \u018fliyev &#8220;Bak\u0131 \u015f\u0259h\u0259rinin inzibati \u0259razisind\u0259 avtomobil n\u0259qliyyat\u0131 sah\u0259sind\u0259 idar\u0259etm\u0259nin t\u0259kmill\u0259\u015fdirilm\u0259si il\u0259 ba\u011fl\u0131 \u0259lav\u0259 t\u0259dbirl\u0259r haqq\u0131nda&#8221; f\u0259rman imzalay\u0131b.<\/strong><\/p><\/blockquote>\n<p><a href=\"https:\/\/infonews.az\/\"><span style=\"color: #333399;\"><strong>&#8220;\u0130NFONEWS&#8221;<\/strong><\/span><\/a> x\u0259b\u0259r verir ki, f\u0259rmana \u0259sas\u0259n, Bak\u0131 \u015f\u0259h\u0259rinin inzibati \u0259razisind\u0259 yol h\u0259r\u0259k\u0259tinin t\u0259\u015fkilind\u0259 i\u015ftirak edilm\u0259si, \u00fcmumi istifad\u0259d\u0259 olan n\u0259qliyyat vasit\u0259l\u0259ri il\u0259 m\u00fcnt\u0259z\u0259m s\u0259rni\u015finda\u015f\u0131ma v\u0259 taksi minik avtomobill\u0259ri il\u0259 s\u0259rni\u015finda\u015f\u0131ma sah\u0259sind\u0259 t\u0259nziml\u0259m\u0259nin v\u0259 n\u0259zar\u0259tin h\u0259yata ke\u00e7irilm\u0259si Az\u0259rbaycan Respublikas\u0131n\u0131n R\u0259q\u0259msal \u0130nki\u015faf v\u0259 N\u0259qliyyat Nazirliyin\u0259 h\u0259val\u0259 edilib.<\/p>\n<p>Az\u0259rbaycan Respublikas\u0131n\u0131n R\u0259q\u0259msal \u0130nki\u015faf v\u0259 N\u0259qliyyat Nazirliyinin tabeliyind\u0259ki Az\u0259rbaycan Yer\u00fcst\u00fc N\u0259qliyyat Agentliyi Bak\u0131 \u015e\u0259h\u0259r \u0130cra Hakimiyy\u0259ti ba\u015f\u00e7\u0131s\u0131n\u0131n tabeliyind\u0259ki &#8220;Bak\u0131 N\u0259qliyyat Agentliyi&#8221; publik h\u00fcquqi \u015f\u0259xsin ona qo\u015fulmas\u0131 formas\u0131nda yenid\u0259n t\u0259\u015fkil edil\u0259c\u0259k.<\/p>\n<p>Bak\u0131 \u015e\u0259h\u0259r \u0130cra Hakimiyy\u0259ti ba\u015f\u00e7\u0131s\u0131n\u0131n tabeliyind\u0259ki &#8220;Bak\u0131 N\u0259qliyyat Agentliyi&#8221; publik h\u00fcquqi \u015f\u0259xsin balans\u0131ndak\u0131 \u0259mlak Agentliyin balans\u0131na verilib.<\/p>\n<p>Nazirl\u0259r Kabineti bununla ba\u011fl\u0131 normativ h\u00fcquqi aktlar\u0131n t\u0259kmill\u0259\u015fdirilm\u0259si il\u0259 ba\u011fl\u0131 t\u0259klifl\u0259rini \u00fc\u00e7 ay m\u00fcdd\u0259tind\u0259 haz\u0131rlay\u0131b Az\u0259rbaycan Respublikas\u0131n\u0131n Prezidentin\u0259 t\u0259qdim etm\u0259li, Agentliyin nizamnam\u0259 fondunun miqdar\u0131n\u0131n art\u0131r\u0131lmas\u0131 bar\u0259d\u0259 t\u0259klifl\u0259rini d\u00f6rd ay m\u00fcdd\u0259tind\u0259 haz\u0131rlay\u0131b Az\u0259rbaycan Respublikas\u0131n\u0131n Prezidentin\u0259 t\u0259qdim etm\u0259li, &#8220;Bak\u0131 N\u0259qliyyat Agentliyi&#8221; publik h\u00fcquqi \u015f\u0259xsin balans\u0131ndak\u0131 \u0259mlak\u0131n Agentliyin balans\u0131na verilm\u0259sini \u00fc\u00e7 ay m\u00fcdd\u0259tind\u0259 t\u0259min etm\u0259li, Agentliyin maddi-texniki bazas\u0131n\u0131n m\u00f6hk\u0259ml\u0259ndirilm\u0259si \u00fc\u00e7\u00fcn z\u0259ruri t\u0259dbirl\u0259r g\u00f6rm\u0259lidir.<\/p>\n<p>R\u0259q\u0259msal \u0130nki\u015faf v\u0259 N\u0259qliyyat Nazirliyi \u0130qtisadiyyat Nazirliyi il\u0259 birlikd\u0259 Agentliyin yenid\u0259n t\u0259\u015fkili, o c\u00fcml\u0259d\u0259n &#8220;Bak\u0131 N\u0259qliyyat Agentliyi&#8221; publik h\u00fcquqi \u015f\u0259xsin f\u0259aliyy\u0259tin\u0259 xitam verilm\u0259sinin d\u00f6vl\u0259t qeydiyyat\u0131 il\u0259 ba\u011fl\u0131 z\u0259ruri t\u0259dbirl\u0259ri h\u0259yata ke\u00e7irm\u0259li, bu F\u0259rmandan ir\u0259li g\u0259l\u0259n dig\u0259r m\u0259s\u0259l\u0259l\u0259rin h\u0259lli \u00fc\u00e7\u00fcn t\u0259dbirl\u0259r g\u00f6rm\u0259lidir.<\/p>\n","protected":false},"excerpt":{"rendered":"<p>Prezident \u0130lham \u018fliyev BNA il\u0259 ba\u011fl\u0131 f\u0259rman imzalay\u0131b Prezident \u0130lham \u018fliyev &#8220;Bak\u0131 \u015f\u0259h\u0259rinin inzibati \u0259razisind\u0259 avtomobil n\u0259qliyyat\u0131 sah\u0259sind\u0259 idar\u0259etm\u0259nin t\u0259kmill\u0259\u015fdirilm\u0259si il\u0259 ba\u011fl\u0131 \u0259lav\u0259 t\u0259dbirl\u0259r haqq\u0131nda&#8221; f\u0259rman imzalay\u0131b. &#8220;\u0130NFONEWS&#8221; x\u0259b\u0259r verir&hellip; <\/p>\n","protected":false},"author":14,"featured_media":24530,"comment_status":"open","ping_status":"open","sticky":false,"template":"","format":"standard","meta":{"_mi_skip_tracking":false,"_monsterinsights_sitenote_active":false,"_monsterinsights_sitenote_note":"","_monsterinsights_sitenote_category":0,"footnotes":""},"categories":[4,533,6,11],"tags":[1008,509,279,15],"aioseo_notices":[],"_links":{"self":[{"href":"https:\/\/infonews.az\/index.php?rest_route=\/wp\/v2\/posts\/34361"}],"collection":[{"href":"https:\/\/infonews.az\/index.php?rest_route=\/wp\/v2\/posts"}],"about":[{"href":"https:\/\/infonews.az\/index.php?rest_route=\/wp\/v2\/types\/post"}],"author":[{"embeddable":true,"href":"https:\/\/infonews.az\/index.php?rest_route=\/wp\/v2\/users\/14"}],"replies":[{"embeddable":true,"href":"https:\/\/infonews.az\/index.php?rest_route=%2Fwp%2Fv2%2Fcomments&post=34361"}],"version-history":[{"count":1,"href":"https:\/\/infonews.az\/index.php?rest_route=\/wp\/v2\/posts\/34361\/revisions"}],"predecessor-version":[{"id":34362,"href":"https:\/\/infonews.az\/index.php?rest_route=\/wp\/v2\/posts\/34361\/revisions\/34362"}],"wp:featuredmedia":[{"embeddable":true,"href":"https:\/\/infonews.az\/index.php?rest_route=\/wp\/v2\/media\/24530"}],"wp:attachment":[{"href":"https:\/\/infonews.az\/index.php?rest_route=%2Fwp%2Fv2%2Fmedia&parent=34361"}],"wp:term":[{"taxonomy":"category","embeddable":true,"href":"https:\/\/infonews.az\/index.php?rest_route=%2Fwp%2Fv2%2Fcategories&post=34361"},{"taxonomy":"post_tag","embeddable":true,"href":"https:\/\/infonews.az\/index.php?rest_route=%2Fwp%2Fv2%2Ftags&post=34361"}],"curies":[{"name":"wp","href":"https:\/\/api.w.org\/{rel}","templated":true}]}}