{"id":34387,"date":"2023-04-20T12:31:44","date_gmt":"2023-04-20T08:31:44","guid":{"rendered":"https:\/\/infonews.az\/?p=34387"},"modified":"2023-04-20T12:31:44","modified_gmt":"2023-04-20T08:31:44","slug":"is-yerini-d%c9%99yis%c9%99n-mu%c9%99lliml%c9%99rin-vakansiya-secimin%c9%99-start-verilib","status":"publish","type":"post","link":"https:\/\/infonews.az\/?p=34387","title":{"rendered":"\u0130\u015f yerini d\u0259yi\u015f\u0259n m\u00fc\u0259lliml\u0259rin vakansiya se\u00e7imin\u0259 START VER\u0130L\u0130B"},"content":{"rendered":"<p><span style=\"color: #ffffff;\">\u0130\u015f yerini d\u0259yi\u015f\u0259n m\u00fc\u0259lliml\u0259rin vakansiya se\u00e7imin\u0259 START VER\u0130L\u0130B<\/span><\/p>\n<blockquote><p>M\u00fc\u0259lliml\u0259rin i\u015f yerinin d\u0259yi\u015fdirilm\u0259si m\u00fcsabiq\u0259sinin vakansiya se\u00e7imi m\u0259rh\u0259l\u0259sin\u0259 start verilib.<\/p><\/blockquote>\n<p><a href=\"https:\/\/infonews.az\/\"><span style=\"color: #333399;\"><strong>&#8220;\u0130NFONEWS&#8221;<\/strong><\/span><\/a> &#8211; un Elm v\u0259 T\u0259hsil Nazirliyind\u0259n \u0259ld\u0259 etdiyi m\u0259lumat\u0131na g\u00f6r\u0259, ilkin vakansiya se\u00e7imi m\u0259rh\u0259l\u0259sind\u0259 Elm v\u0259 T\u0259hsil Nazirliyi sistemin\u0259 daxil olan d\u00f6vl\u0259t \u00fcmumi t\u0259hsil m\u00fc\u0259ssis\u0259l\u0259rind\u0259 \u00e7al\u0131\u015fan \u015f\u0259hid ail\u0259l\u0259rinin \u00fczvl\u0259ri i\u015ftirak ed\u0259c\u0259kl\u0259r. Namiz\u0259dl\u0259r \u015f\u0259xsi s\u0259hif\u0259l\u0259rin\u0259 daxil olaraq vakant yer se\u00e7imi ed\u0259 bil\u0259rl\u0259r. M\u00fc\u0259lliml\u0259rin i\u015f yerinin d\u0259yi\u015fdirilm\u0259si m\u00fcsabiq\u0259si \u00fczr\u0259 vakansiya se\u00e7imi birinci m\u0259rh\u0259l\u0259d\u0259 aprelin 25-i saat 11:00-d\u0259k davam ed\u0259c\u0259k.<\/p>\n<p>Vakansiya se\u00e7imi m\u0259rh\u0259l\u0259sind\u0259 i\u015ftirak ed\u0259c\u0259k \u015f\u0259xsl\u0259r\u0259 diqq\u0259tli olmaq v\u0259 se\u00e7im etdikd\u0259n sonra elektron \u0259riz\u0259l\u0259rini t\u0259sdiql\u0259m\u0259yi unutmamaq t\u00f6vsiy\u0259 edilir.<\/p>\n","protected":false},"excerpt":{"rendered":"<p>\u0130\u015f yerini d\u0259yi\u015f\u0259n m\u00fc\u0259lliml\u0259rin vakansiya se\u00e7imin\u0259 START VER\u0130L\u0130B M\u00fc\u0259lliml\u0259rin i\u015f yerinin d\u0259yi\u015fdirilm\u0259si m\u00fcsabiq\u0259sinin vakansiya se\u00e7imi m\u0259rh\u0259l\u0259sin\u0259 start verilib. &#8220;\u0130NFONEWS&#8221; &#8211; un Elm v\u0259 T\u0259hsil Nazirliyind\u0259n \u0259ld\u0259 etdiyi m\u0259lumat\u0131na g\u00f6r\u0259, ilkin&hellip; <\/p>\n","protected":false},"author":14,"featured_media":34388,"comment_status":"open","ping_status":"open","sticky":false,"template":"","format":"standard","meta":{"_mi_skip_tracking":false,"_monsterinsights_sitenote_active":false,"_monsterinsights_sitenote_note":"","_monsterinsights_sitenote_category":0,"footnotes":""},"categories":[11,3],"tags":[9260,15],"aioseo_notices":[],"_links":{"self":[{"href":"https:\/\/infonews.az\/index.php?rest_route=\/wp\/v2\/posts\/34387"}],"collection":[{"href":"https:\/\/infonews.az\/index.php?rest_route=\/wp\/v2\/posts"}],"about":[{"href":"https:\/\/infonews.az\/index.php?rest_route=\/wp\/v2\/types\/post"}],"author":[{"embeddable":true,"href":"https:\/\/infonews.az\/index.php?rest_route=\/wp\/v2\/users\/14"}],"replies":[{"embeddable":true,"href":"https:\/\/infonews.az\/index.php?rest_route=%2Fwp%2Fv2%2Fcomments&post=34387"}],"version-history":[{"count":1,"href":"https:\/\/infonews.az\/index.php?rest_route=\/wp\/v2\/posts\/34387\/revisions"}],"predecessor-version":[{"id":34389,"href":"https:\/\/infonews.az\/index.php?rest_route=\/wp\/v2\/posts\/34387\/revisions\/34389"}],"wp:featuredmedia":[{"embeddable":true,"href":"https:\/\/infonews.az\/index.php?rest_route=\/wp\/v2\/media\/34388"}],"wp:attachment":[{"href":"https:\/\/infonews.az\/index.php?rest_route=%2Fwp%2Fv2%2Fmedia&parent=34387"}],"wp:term":[{"taxonomy":"category","embeddable":true,"href":"https:\/\/infonews.az\/index.php?rest_route=%2Fwp%2Fv2%2Fcategories&post=34387"},{"taxonomy":"post_tag","embeddable":true,"href":"https:\/\/infonews.az\/index.php?rest_route=%2Fwp%2Fv2%2Ftags&post=34387"}],"curies":[{"name":"wp","href":"https:\/\/api.w.org\/{rel}","templated":true}]}}