{"id":34390,"date":"2023-04-20T12:47:53","date_gmt":"2023-04-20T08:47:53","guid":{"rendered":"https:\/\/infonews.az\/?p=34390"},"modified":"2023-04-20T12:47:53","modified_gmt":"2023-04-20T08:47:53","slug":"bayram-gunl%c9%99rind%c9%99-fhn-gucl%c9%99ndirilmis-is-rejimind%c9%99-calisacaq","status":"publish","type":"post","link":"https:\/\/infonews.az\/?p=34390","title":{"rendered":"Bayram g\u00fcnl\u0259rind\u0259 FHN g\u00fccl\u0259ndirilmi\u015f i\u015f rejimind\u0259 \u00e7al\u0131\u015facaq"},"content":{"rendered":"<p><span style=\"color: #ffffff;\">Bayram g\u00fcnl\u0259rind\u0259 FHN g\u00fccl\u0259ndirilmi\u015f i\u015f rejimind\u0259 \u00e7al\u0131\u015facaq<\/span><\/p>\n<blockquote><p><strong>F\u00f6vq\u0259lad\u0259 Hallar Nazirliyi (FHN) Ramazan bayram\u0131 il\u0259 \u0259laq\u0259dar g\u00fccl\u0259ndirilmi\u015f i\u015f rejimind\u0259 \u00e7al\u0131\u015facaq.<\/strong><\/p><\/blockquote>\n<p><a href=\"https:\/\/infonews.az\/\"><span style=\"color: #333399;\"><strong>&#8220;\u0130NFONEWS&#8221;<\/strong><\/span><\/a> &#8211; un FHN-in M\u0259tbuat Xidm\u0259tind\u0259n \u0259ld\u0259 etdiyi m\u0259lumat\u0131na g\u00f6r\u0259, nazir general-polkovnik K\u0259mal\u0259ddin Heyd\u0259rovun bununla ba\u011fl\u0131 imzalad\u0131\u011f\u0131 \u0259mr\u0259 \u0259sas\u0259n, Ramazan bayram\u0131 il\u0259 \u0259laq\u0259dar qeyri-i\u015f g\u00fcnl\u0259rind\u0259 v\u0259t\u0259nda\u015flar\u0131n h\u0259yat v\u0259 f\u0259aliyy\u0259tinin t\u0259hl\u00fck\u0259sizliyinin t\u0259min edilm\u0259si, insanlar\u0131n daha \u00e7ox topla\u015fd\u0131\u011f\u0131 m\u0259kanlarda, h\u0259yat t\u0259minat\u0131 v\u0259 dig\u0259r m\u00fch\u00fcm \u0259h\u0259miyy\u0259tli obyektl\u0259rd\u0259 ba\u015f ver\u0259 bil\u0259c\u0259k f\u00f6vq\u0259lad\u0259 hadis\u0259l\u0259r\u0259 \u00e7evik reaksiya verilm\u0259si, onlar\u0131n m\u00fcmk\u00fcn n\u0259tic\u0259l\u0259rinin operativ \u015f\u0259kild\u0259 aradan qald\u0131r\u0131lmas\u0131 i\u015finin t\u0259\u015fkil edilm\u0259si m\u0259qs\u0259dil\u0259 Nazirliyin aidiyy\u0259ti struktur b\u00f6lm\u0259 v\u0259 qurumlar\u0131na m\u00fcvafiq tap\u015f\u0131r\u0131qlar verilib.<\/p>\n","protected":false},"excerpt":{"rendered":"<p>Bayram g\u00fcnl\u0259rind\u0259 FHN g\u00fccl\u0259ndirilmi\u015f i\u015f rejimind\u0259 \u00e7al\u0131\u015facaq F\u00f6vq\u0259lad\u0259 Hallar Nazirliyi (FHN) Ramazan bayram\u0131 il\u0259 \u0259laq\u0259dar g\u00fccl\u0259ndirilmi\u015f i\u015f rejimind\u0259 \u00e7al\u0131\u015facaq. &#8220;\u0130NFONEWS&#8221; &#8211; un FHN-in M\u0259tbuat Xidm\u0259tind\u0259n \u0259ld\u0259 etdiyi m\u0259lumat\u0131na g\u00f6r\u0259, nazir&hellip; <\/p>\n","protected":false},"author":14,"featured_media":7204,"comment_status":"open","ping_status":"open","sticky":false,"template":"","format":"standard","meta":{"_mi_skip_tracking":false,"_monsterinsights_sitenote_active":false,"_monsterinsights_sitenote_note":"","_monsterinsights_sitenote_category":0,"footnotes":""},"categories":[4,11],"tags":[9283,15],"aioseo_notices":[],"_links":{"self":[{"href":"https:\/\/infonews.az\/index.php?rest_route=\/wp\/v2\/posts\/34390"}],"collection":[{"href":"https:\/\/infonews.az\/index.php?rest_route=\/wp\/v2\/posts"}],"about":[{"href":"https:\/\/infonews.az\/index.php?rest_route=\/wp\/v2\/types\/post"}],"author":[{"embeddable":true,"href":"https:\/\/infonews.az\/index.php?rest_route=\/wp\/v2\/users\/14"}],"replies":[{"embeddable":true,"href":"https:\/\/infonews.az\/index.php?rest_route=%2Fwp%2Fv2%2Fcomments&post=34390"}],"version-history":[{"count":1,"href":"https:\/\/infonews.az\/index.php?rest_route=\/wp\/v2\/posts\/34390\/revisions"}],"predecessor-version":[{"id":34391,"href":"https:\/\/infonews.az\/index.php?rest_route=\/wp\/v2\/posts\/34390\/revisions\/34391"}],"wp:featuredmedia":[{"embeddable":true,"href":"https:\/\/infonews.az\/index.php?rest_route=\/wp\/v2\/media\/7204"}],"wp:attachment":[{"href":"https:\/\/infonews.az\/index.php?rest_route=%2Fwp%2Fv2%2Fmedia&parent=34390"}],"wp:term":[{"taxonomy":"category","embeddable":true,"href":"https:\/\/infonews.az\/index.php?rest_route=%2Fwp%2Fv2%2Fcategories&post=34390"},{"taxonomy":"post_tag","embeddable":true,"href":"https:\/\/infonews.az\/index.php?rest_route=%2Fwp%2Fv2%2Ftags&post=34390"}],"curies":[{"name":"wp","href":"https:\/\/api.w.org\/{rel}","templated":true}]}}