{"id":34402,"date":"2023-04-20T17:47:22","date_gmt":"2023-04-20T13:47:22","guid":{"rendered":"https:\/\/infonews.az\/?p=34402"},"modified":"2023-04-20T17:47:22","modified_gmt":"2023-04-20T13:47:22","slug":"ilham-%c9%99liyev-v%c9%99-mehriban-%c9%99liyeva-cum%c9%99-m%c9%99scidinin-acilisinda-istirak-edibl%c9%99r-yenil%c9%99nib","status":"publish","type":"post","link":"https:\/\/infonews.az\/?p=34402","title":{"rendered":"\u0130lham \u018fliyev v\u0259 Mehriban \u018fliyeva \u201cC\u00fcm\u0259\u201d m\u0259scidinin a\u00e7\u0131l\u0131\u015f\u0131nda i\u015ftirak edibl\u0259r -YEN\u0130L\u018fN\u0130B"},"content":{"rendered":"<p><span style=\"color: #ffffff;\">\u0130lham \u018fliyev v\u0259 Mehriban \u018fliyeva \u201cC\u00fcm\u0259\u201d m\u0259scidinin a\u00e7\u0131l\u0131\u015f\u0131nda i\u015ftirak edibl\u0259r\u00a0-YEN\u0130L\u018fN\u0130B <\/span><\/p>\n<blockquote><p>Aprelin 20-d\u0259 Bak\u0131n\u0131n N\u0259rimanov rayonunda d\u00f6vl\u0259timizin ba\u015f\u00e7\u0131s\u0131n\u0131n t\u0259\u015f\u0259bb\u00fcs\u00fc il\u0259 apar\u0131lan \u0259sasl\u0131 t\u0259mird\u0259n v\u0259 rekonstruksiyadan sonra \u201cC\u00fcm\u0259\u201d m\u0259scidinin a\u00e7\u0131l\u0131\u015f\u0131 olub.<\/p><\/blockquote>\n<p><span style=\"color: #333399;\"><strong>&#8220;\u0130NFONEWS&#8221;<\/strong><\/span> x\u0259b\u0259r verir ki, Az\u0259rbaycan Respublikas\u0131n\u0131n Prezidenti \u0130lham \u018fliyev v\u0259 birinci xan\u0131m Mehriban \u018fliyeva t\u0259dbird\u0259 i\u015ftirak edibl\u0259r.<\/p>\n<p>Bu g\u00fcn multikultural \u0259n\u0259n\u0259l\u0259ri, tolerant m\u00fchiti, \u0130slam d\u00fcnyas\u0131 daxilind\u0259 h\u0259mr\u0259yliyin m\u00f6hk\u0259ml\u0259nm\u0259si istiqam\u0259tind\u0259 atd\u0131\u011f\u0131 tarixi add\u0131mlar\u0131 qlobal miqyasda maraqla qar\u015f\u0131lanan Az\u0259rbaycanda m\u00fcxt\u0259lif dinl\u0259rin, o c\u00fcml\u0259d\u0259n \u0130slam dini abid\u0259l\u0259rinin qorunmas\u0131na x\u00fcsusi diqq\u0259tl\u0259 yana\u015f\u0131l\u0131r. Son d\u00f6vrl\u0259rd\u0259 yeni m\u0259scidl\u0259rin tikilm\u0259si v\u0259 ya \u0259sasl\u0131 t\u0259miri d\u0259 bu yana\u015fman\u0131n t\u0259zah\u00fcr\u00fcd\u00fcr.<\/p>\n<p>Prezident \u0130lham \u018fliyev v\u0259 birinci xan\u0131m Mehriban \u018fliyevan\u0131n m\u00fcq\u0259dd\u0259s Ramazan bayram\u0131 \u0259r\u0259f\u0259sind\u0259 \u201cC\u00fcm\u0259\u201d m\u0259scidinin a\u00e7\u0131l\u0131\u015f\u0131nda i\u015ftirak etm\u0259l\u0259ri h\u0259m d\u0259 r\u0259mzi m\u0259na k\u0259sb edir.<\/p>\n<p>Qeyd ed\u0259k ki, &#8220;C\u00fcm\u0259&#8221; m\u0259scidi 1998-ci ild\u0259n f\u0259aliyy\u0259t\u0259 ba\u015flay\u0131b. \u0130ll\u0259r \u00f6td\u00fckc\u0259 bina t\u0259dric\u0259n q\u0259zal\u0131 v\u0259ziyy\u0259t\u0259 d\u00fc\u015f\u00fcb. Prezident \u0130lham \u018fliyevin t\u0259\u015f\u0259bb\u00fcs\u00fc il\u0259 2021-ci ild\u0259 bu m\u0259scidd\u0259 \u0259sasl\u0131 t\u0259mir v\u0259 yenid\u0259nqurma i\u015fl\u0259rin\u0259 ba\u015flan\u0131l\u0131b. \u0130\u015fl\u0259r y\u00fcks\u0259k s\u0259viyy\u0259d\u0259 h\u0259yata ke\u00e7irilib v\u0259 bu ilin aprel ay\u0131nda ba\u015fa \u00e7atd\u0131r\u0131l\u0131b.<\/p>\n<p>Q\u0259zal\u0131 v\u0259ziyy\u0259td\u0259 olan iki minar\u0259 apar\u0131lan i\u015fl\u0259r \u00e7\u0259r\u00e7iv\u0259sind\u0259 s\u00f6k\u00fcl\u0259r\u0259k yenid\u0259n tikilib, m\u0259scid binas\u0131nda b\u0259rpa-g\u00fccl\u0259ndirm\u0259 i\u015fl\u0259ri yerin\u0259 yetirilib, d\u0259st\u0259mazxana binas\u0131 in\u015fa olunub, z\u0259ruri infrastruktur yarad\u0131l\u0131b.<\/p>\n<p>Eyni vaxtda 600-\u0259 yax\u0131n insan\u0131n ibad\u0259t ed\u0259 bil\u0259c\u0259yi m\u0259scidin birinci m\u0259rt\u0259b\u0259si ki\u015fil\u0259r, ikinci m\u0259rt\u0259b\u0259si is\u0259 qad\u0131nlar \u00fc\u00e7\u00fcn n\u0259z\u0259rd\u0259 tutulub.<\/p>\n<p>Burada yarad\u0131lan \u015f\u0259rait bir daha t\u0259sdiql\u0259yir ki, milli-m\u0259n\u0259vi d\u0259y\u0259rl\u0259rimizin qorunmas\u0131 v\u0259 inki\u015faf etdirilm\u0259si Prezident \u0130lham \u018fliyevin daim diqq\u0259t m\u0259rk\u0259zind\u0259dir. D\u00f6vl\u0259timizin ba\u015f\u00e7\u0131s\u0131n\u0131n t\u0259\u015f\u0259bb\u00fcs\u00fc v\u0259 tap\u015f\u0131r\u0131qlar\u0131na \u0259sas\u0259n, paytaxtda v\u0259 \u00f6lk\u0259mizin b\u00f6lg\u0259l\u0259rind\u0259 onlarla m\u0259scid, dini m\u0259b\u0259d, tarixi abid\u0259 v\u0259 ziyar\u0259tgah in\u015fa edilib, b\u0259rpa olunub v\u0259 ya yenid\u0259n qurulub. Bu istiqam\u0259td\u0259 g\u00f6r\u00fcl\u0259n i\u015fl\u0259r\u0259 Heyd\u0259r \u018fliyev Fondu da sanball\u0131 t\u00f6hf\u0259l\u0259r verib.<\/p>\n<p>N\u0259rimanov rayonundak\u0131 \u201cC\u00fcm\u0259\u201d m\u0259scidind\u0259 apar\u0131lan \u0259sasl\u0131 t\u0259mir v\u0259 yenid\u0259nqurma i\u015fl\u0259ri d\u0259 \u00f6lk\u0259mizd\u0259 milli-m\u0259n\u0259vi d\u0259y\u0259rl\u0259rin qorunmas\u0131 il\u0259 ba\u011fl\u0131 g\u00f6r\u00fcl\u0259n i\u015fl\u0259rin ard\u0131c\u0131l xarakter ald\u0131\u011f\u0131n\u0131 g\u00f6st\u0259rir.<\/p>\n<p><img loading=\"lazy\" decoding=\"async\" class=\"aligncenter wp-image-34404 size-medium\" src=\"https:\/\/infonews.az\/wp-content\/uploads\/2023\/04\/16819791581499720175_1000x669-300x209.jpg\" alt=\"\" width=\"300\" height=\"209\" srcset=\"https:\/\/infonews.az\/wp-content\/uploads\/2023\/04\/16819791581499720175_1000x669-300x209.jpg 300w, https:\/\/infonews.az\/wp-content\/uploads\/2023\/04\/16819791581499720175_1000x669-768x536.jpg 768w, https:\/\/infonews.az\/wp-content\/uploads\/2023\/04\/16819791581499720175_1000x669.jpg 959w\" sizes=\"(max-width: 300px) 100vw, 300px\" \/><\/p>\n<p><img loading=\"lazy\" decoding=\"async\" class=\"aligncenter wp-image-34405 size-medium\" src=\"https:\/\/infonews.az\/wp-content\/uploads\/2023\/04\/16819791586030836572_1000x669-300x207.jpg\" alt=\"\" width=\"300\" height=\"207\" srcset=\"https:\/\/infonews.az\/wp-content\/uploads\/2023\/04\/16819791586030836572_1000x669-300x207.jpg 300w, https:\/\/infonews.az\/wp-content\/uploads\/2023\/04\/16819791586030836572_1000x669-768x531.jpg 768w, https:\/\/infonews.az\/wp-content\/uploads\/2023\/04\/16819791586030836572_1000x669.jpg 968w\" sizes=\"(max-width: 300px) 100vw, 300px\" \/><\/p>\n","protected":false},"excerpt":{"rendered":"<p>\u0130lham \u018fliyev v\u0259 Mehriban \u018fliyeva \u201cC\u00fcm\u0259\u201d m\u0259scidinin a\u00e7\u0131l\u0131\u015f\u0131nda i\u015ftirak edibl\u0259r\u00a0-YEN\u0130L\u018fN\u0130B Aprelin 20-d\u0259 Bak\u0131n\u0131n N\u0259rimanov rayonunda d\u00f6vl\u0259timizin ba\u015f\u00e7\u0131s\u0131n\u0131n t\u0259\u015f\u0259bb\u00fcs\u00fc il\u0259 apar\u0131lan \u0259sasl\u0131 t\u0259mird\u0259n v\u0259 rekonstruksiyadan sonra \u201cC\u00fcm\u0259\u201d m\u0259scidinin a\u00e7\u0131l\u0131\u015f\u0131 olub. &#8220;\u0130NFONEWS&#8221;&hellip; <\/p>\n","protected":false},"author":14,"featured_media":34403,"comment_status":"open","ping_status":"open","sticky":false,"template":"","format":"standard","meta":{"_mi_skip_tracking":false,"_monsterinsights_sitenote_active":false,"_monsterinsights_sitenote_note":"","_monsterinsights_sitenote_category":0,"footnotes":""},"categories":[4,6,11],"tags":[10754,1008,962,15],"aioseo_notices":[],"_links":{"self":[{"href":"https:\/\/infonews.az\/index.php?rest_route=\/wp\/v2\/posts\/34402"}],"collection":[{"href":"https:\/\/infonews.az\/index.php?rest_route=\/wp\/v2\/posts"}],"about":[{"href":"https:\/\/infonews.az\/index.php?rest_route=\/wp\/v2\/types\/post"}],"author":[{"embeddable":true,"href":"https:\/\/infonews.az\/index.php?rest_route=\/wp\/v2\/users\/14"}],"replies":[{"embeddable":true,"href":"https:\/\/infonews.az\/index.php?rest_route=%2Fwp%2Fv2%2Fcomments&post=34402"}],"version-history":[{"count":1,"href":"https:\/\/infonews.az\/index.php?rest_route=\/wp\/v2\/posts\/34402\/revisions"}],"predecessor-version":[{"id":34406,"href":"https:\/\/infonews.az\/index.php?rest_route=\/wp\/v2\/posts\/34402\/revisions\/34406"}],"wp:featuredmedia":[{"embeddable":true,"href":"https:\/\/infonews.az\/index.php?rest_route=\/wp\/v2\/media\/34403"}],"wp:attachment":[{"href":"https:\/\/infonews.az\/index.php?rest_route=%2Fwp%2Fv2%2Fmedia&parent=34402"}],"wp:term":[{"taxonomy":"category","embeddable":true,"href":"https:\/\/infonews.az\/index.php?rest_route=%2Fwp%2Fv2%2Fcategories&post=34402"},{"taxonomy":"post_tag","embeddable":true,"href":"https:\/\/infonews.az\/index.php?rest_route=%2Fwp%2Fv2%2Ftags&post=34402"}],"curies":[{"name":"wp","href":"https:\/\/api.w.org\/{rel}","templated":true}]}}