{"id":34408,"date":"2023-04-20T17:58:03","date_gmt":"2023-04-20T13:58:03","guid":{"rendered":"https:\/\/infonews.az\/?p=34408"},"modified":"2023-04-20T17:58:03","modified_gmt":"2023-04-20T13:58:03","slug":"heyd%c9%99r-%c9%99liyev-100-%c9%99v%c9%99zsiz-lider-yeni-kitab-var","status":"publish","type":"post","link":"https:\/\/infonews.az\/?p=34408","title":{"rendered":"&#8220;Heyd\u0259r \u018fliyev &#8211; 100&#8221; : \u201c\u018fv\u0259zsiz Lider\u201d &#8211; YEN\u0130 K\u0130TAB VAR"},"content":{"rendered":"<p><span style=\"color: #ffffff;\">&#8220;Heyd\u0259r \u018fliyev &#8211; 100&#8221; : \u201c\u018fv\u0259zsiz Lider\u201d &#8211; YEN\u0130 K\u0130TAB VAR <\/span><\/p>\n<blockquote><p>\u0130nqilablar v\u0259 m\u00fcharib\u0259l\u0259r \u0259sri kimi yadda\u015flarda ya\u015fayan XX y\u00fczillikd\u0259 dahi \u015f\u0259xsiyy\u0259tl\u0259r el\u0259 d\u0259 \u00e7ox olmam\u0131\u015fd\u0131r. Bu y\u00fczillik repressiya v\u0259 \u00f6l\u00fcm h\u00f6km\u00fc vermi\u015f siyas\u0259t adamlar\u0131 il\u0259 daha \u00e7ox yadda qalm\u0131\u015fd\u0131r. Yax\u015f\u0131 ki, Az\u0259rbaycan xalq\u0131n\u0131n \u00dcmummilli Lideri Heyd\u0259r \u018fliyev XX \u0259srd\u0259 do\u011fulmu\u015fdur, yoxsa bu \u0259sr tarixin qara s\u0259hif\u0259sind\u0259 h\u0259mi\u015f\u0259lik x\u0259cal\u0259tli ya\u015famal\u0131 olacaqd\u0131.<\/p><\/blockquote>\n<p><a href=\"https:\/\/infonews.az\/\"><span style=\"color: #333399;\"><strong>&#8220;\u0130NFONEWS&#8221;<\/strong><\/span><\/a> x\u0259b\u0259r verir ki, bu fikirl\u0259r yaz\u0131\u00e7\u0131-publisist V\u00fcqar S\u0259rdarovun yenic\u0259 \u00e7apdan \u00e7\u0131xm\u0131\u015f \u201c\u018fv\u0259zsiz Lider\u201d kitab\u0131nda yer al\u0131b. M\u00fc\u0259llif bu kitab\u0131 \u0259rs\u0259y\u0259 g\u0259tirm\u0259kd\u0259 m\u0259qs\u0259dini bel\u0259 izah edir: \u201cM\u0259qs\u0259dimiz XX \u0259srin m\u00fcqayis\u0259siz, analoqsuz siyasi xadimi Heyd\u0259r \u018fliyev\u0259 olan borcumuzu qism\u0259n \u00f6d\u0259m\u0259kdir. Amma d\u00fc\u015f\u00fcnm\u00fcr\u00fck ki, bizl\u0259r \u00f6mr\u00fcm\u00fcz\u00fcn sonuna kimi bu borcu c\u00fczi d\u0259 olsa \u00f6d\u0259y\u0259 bil\u0259k\u2026\u201d<\/p>\n<p>Ulu \u00d6nd\u0259r Heyd\u0259r \u018fliyevin 100 illik yubileyin\u0259 h\u0259sr edil\u0259n bu kitab Prezident \u0130lham \u018fliyevin 2023-c\u00fc ilin Az\u0259rbaycan Respublikas\u0131nda \u201cHeyd\u0259r \u018fliyev \u0130li\u201d elan edilm\u0259si haqq\u0131nda 2022-ci il 29 sentyabr tarixli S\u0259r\u0259ncam\u0131 il\u0259 a\u00e7\u0131l\u0131r.<\/p>\n<p>Milli M\u0259clisin \u0130nsan h\u00fcquqlar\u0131 komit\u0259sinin s\u0259dri, Sosial T\u0259dqiqatlar M\u0259rk\u0259zinin \u0130dar\u0259 Hey\u0259tinin s\u0259dri Zahid Oruc n\u0259\u015fr\u0259 \u201c\u00d6n s\u00f6z\u201dd\u0259 yaz\u0131r: \u201c\u018fv\u0259zsiz Lider\u201d kitab\u0131 m\u0259hz bu S\u0259r\u0259ncamdan ruhlanaraq yaz\u0131lm\u0131\u015f v\u0259 \u00e7apa haz\u0131rlanm\u0131\u015f s\u0259n\u0259t \u0259s\u0259ridir. Kitab \u00dcmummilli Lider Heyd\u0259r \u018fliyevin h\u0259yat\u0131na v\u0259 ictimai, siyasi f\u0259aliyy\u0259tin\u0259 h\u0259sr edilmi\u015fdir.<\/p>\n<p>Bu kitab\u0131n vasit\u0259sil\u0259 Heyd\u0259r \u018fliyev d\u00fchas\u0131n\u0131n, m\u00fcdrikliyinin \u015fahidi olmaq xo\u015fb\u0259xtliyini qazanacaqs\u0131n\u0131z. Hesab edir\u0259m m\u00fc\u0259llif qar\u015f\u0131s\u0131na qoydu\u011fu m\u0259qs\u0259d\u0259 \u00e7atm\u0131\u015f v\u0259 oxucular\u0131n\u0131 \u00dcmummilli Lider Heyd\u0259r \u018fliyevin f\u0259aliyy\u0259ti il\u0259 yax\u0131ndan tan\u0131\u015f ed\u0259 bilmi\u015fdir.<\/p>\n<p>\u201cHeyd\u0259r \u018fliyev \u0130li\u201d il\u0259 \u0259laq\u0259dar olaraq yaz\u0131lan b\u00fct\u00fcn kitablar i\u015f\u0131q \u00fcz\u00fc g\u00f6r\u0259c\u0259k s\u0259n\u0259t \u0259s\u0259ri kimi \u00e7ox qiym\u0259tlidir, bunu unutmaq olmaz. Amma bu kitab\u0131n \u0259sas \u00f6z\u0259lliyi ondan ibar\u0259tdir ki, sad\u0259 v\u0259 oxunaql\u0131 dill\u0259 q\u0259l\u0259m\u0259 al\u0131nm\u0131\u015fd\u0131r. Kitab ba\u015fdan-ba\u015fa faktlarla, real hadis\u0259l\u0259rl\u0259 z\u0259ngindir. Bu is\u0259 oxucunun daha \u00e7ox diqq\u0259tini c\u0259lb ed\u0259n amildir\u201d.<\/p>\n<p>Kitabda Heyd\u0259r \u018fliyevin Az\u0259rbaycan SSR KP MK-n\u0131n Birinci katibi v\u0259zif\u0259sind\u0259n ba\u015flayaraq, f\u0259aliyy\u0259tinin Moskva d\u00f6vr\u00fcn\u0259, habel\u0259 Nax\u00e7\u0131van\u0131n xilaskar\u0131 missiyas\u0131na, Az\u0259rbaycan Respublikas\u0131n\u0131n Prezidenti kimi h\u0259yata ke\u00e7irdiyi m\u00fch\u00fcm t\u0259dbirl\u0259r\u0259 n\u0259z\u0259r sal\u0131n\u0131r. \u201cM\u00fcst\u0259qil Az\u0259rbaycan d\u00f6vl\u0259tinin qurucusu\u201d b\u00f6lm\u0259sind\u0259 qeyd edilir ki, Az\u0259rbaycanda demokratik, h\u00fcquqi v\u0259 d\u00fcny\u0259vi d\u00f6vl\u0259t quruculu\u011fu, milli d\u00f6vl\u0259t\u00e7ilik ideyas\u0131n\u0131n b\u0259rq\u0259rar olmas\u0131 v\u0259 v\u0259t\u0259nda\u015f c\u0259miyy\u0259tinin t\u0259\u015f\u0259kk\u00fcl\u00fc, xalq\u0131m\u0131z\u0131n q\u0259dim v\u0259 z\u0259ngin milli-m\u0259n\u0259vi d\u0259y\u0259rl\u0259rin\u0259 qay\u0131d\u0131\u015f\u0131, \u00f6lk\u0259mizin beyn\u0259lxalq al\u0259md\u0259 n\u00fcfuzunun artmas\u0131, elm, t\u0259hsil v\u0259 m\u0259d\u0259niyy\u0259tin inki\u015faf\u0131 Az\u0259rbaycan xalq\u0131n\u0131n \u00dcmummilli Lideri Heyd\u0259r \u018fliyevin ad\u0131 il\u0259 ba\u011fl\u0131d\u0131r.<\/p>\n<p>\u201cMilli d\u00f6vl\u0259t quruculu\u011funun el\u0259 bir sah\u0259si yoxdur ki, orada Heyd\u0259r \u018fliyev irsinin, onun misilsiz t\u00f6hf\u0259sinin \u015fahidi olmayaq\u201d, &#8211; yazan V\u00fcqar S\u0259rdarov \u00dcmummilli Liderin geni\u015fmiqyasl\u0131 f\u0259aliyy\u0259tini \u0259trafl\u0131 i\u015f\u0131qland\u0131r\u0131b. Bu bax\u0131mdan \u201cM\u00fcasir h\u00fcquqi sistemin banisi\u201d, \u201cXarici siyas\u0259tin Heyd\u0259r \u018fliyev modeli\u201d, \u201cDaxili \u0130\u015fl\u0259r Nazirliyi Heyd\u0259r \u018fliyevin d\u00f6vr\u00fcnd\u0259\u201d, \u201c\u0130qtisadi islahatlar Heyd\u0259r \u018fliyev siyas\u0259tinin prioriteti kimi\u201d, \u201cXarici siyas\u0259tin Heyd\u0259r \u018fliyev modeli\u201d, \u201cAz\u0259rbaycan diasporunun formala\u015fmas\u0131 v\u0259 inki\u015faf\u0131nda Heyd\u0259r \u018fliyevin rolu\u201d ba\u015fl\u0131ql\u0131 b\u00f6lm\u0259l\u0259r diqq\u0259t \u00e7\u0259kir. M\u00fc\u0259llif, h\u0259m\u00e7inin Ulu \u00d6nd\u0259rin r\u0259hb\u0259rliyi il\u0259 h\u0259yata ke\u00e7iril\u0259n m\u0259d\u0259niyy\u0259t, t\u0259hsil v\u0259 g\u0259ncl\u0259r siyas\u0259tini d\u0259 faktlar \u0259sas\u0131nda t\u0259qdim edib.<\/p>\n<p>Qeyd ed\u0259k ki, V\u00fcqar S\u0259rdarov Bak\u0131da ziyal\u0131 ail\u0259sind\u0259 anadan olub. 1998-ci ild\u0259n 2022-ci ilin mart ay\u0131na q\u0259d\u0259r Az\u0259rbaycan Respublikas\u0131 daxili i\u015fl\u0259r orqanlar\u0131nda \u00e7al\u0131\u015f\u0131b. Az\u0259rbaycan Yaz\u0131\u00e7\u0131lar v\u0259 Jurnalistl\u0259r birlikl\u0259rinin, h\u0259m\u00e7inin G\u00fcrc\u00fcstan v\u0259 Q\u0131r\u011f\u0131z\u0131stan Yaz\u0131\u00e7\u0131lar birlikl\u0259rinin \u00fczv\u00fcd\u00fcr. Onun 14 elmi-publisistik v\u0259 b\u0259dii kitab\u0131 n\u0259\u015fr olunub.<\/p>\n<p>Haz\u0131rda Az\u0259rbaycan Respublikas\u0131 Nazirl\u0259r Kabineti yan\u0131nda \u201c\u0130\u00e7\u0259ri\u015f\u0259h\u0259r\u201d D\u00f6vl\u0259t Tarix-Memarl\u0131q Qoru\u011fu \u0130dar\u0259sinin Elmi M\u0259d\u0259ni M\u0259rk\u0259zinin direktor m\u00fcavinidir.<\/p>\n","protected":false},"excerpt":{"rendered":"<p>&#8220;Heyd\u0259r \u018fliyev &#8211; 100&#8221; : \u201c\u018fv\u0259zsiz Lider\u201d &#8211; YEN\u0130 K\u0130TAB VAR \u0130nqilablar v\u0259 m\u00fcharib\u0259l\u0259r \u0259sri kimi yadda\u015flarda ya\u015fayan XX y\u00fczillikd\u0259 dahi \u015f\u0259xsiyy\u0259tl\u0259r el\u0259 d\u0259 \u00e7ox olmam\u0131\u015fd\u0131r. Bu y\u00fczillik repressiya v\u0259&hellip; <\/p>\n","protected":false},"author":14,"featured_media":34409,"comment_status":"open","ping_status":"open","sticky":false,"template":"","format":"standard","meta":{"_mi_skip_tracking":false,"_monsterinsights_sitenote_active":false,"_monsterinsights_sitenote_note":"","_monsterinsights_sitenote_category":0,"footnotes":""},"categories":[10,11],"tags":[],"aioseo_notices":[],"_links":{"self":[{"href":"https:\/\/infonews.az\/index.php?rest_route=\/wp\/v2\/posts\/34408"}],"collection":[{"href":"https:\/\/infonews.az\/index.php?rest_route=\/wp\/v2\/posts"}],"about":[{"href":"https:\/\/infonews.az\/index.php?rest_route=\/wp\/v2\/types\/post"}],"author":[{"embeddable":true,"href":"https:\/\/infonews.az\/index.php?rest_route=\/wp\/v2\/users\/14"}],"replies":[{"embeddable":true,"href":"https:\/\/infonews.az\/index.php?rest_route=%2Fwp%2Fv2%2Fcomments&post=34408"}],"version-history":[{"count":1,"href":"https:\/\/infonews.az\/index.php?rest_route=\/wp\/v2\/posts\/34408\/revisions"}],"predecessor-version":[{"id":34410,"href":"https:\/\/infonews.az\/index.php?rest_route=\/wp\/v2\/posts\/34408\/revisions\/34410"}],"wp:featuredmedia":[{"embeddable":true,"href":"https:\/\/infonews.az\/index.php?rest_route=\/wp\/v2\/media\/34409"}],"wp:attachment":[{"href":"https:\/\/infonews.az\/index.php?rest_route=%2Fwp%2Fv2%2Fmedia&parent=34408"}],"wp:term":[{"taxonomy":"category","embeddable":true,"href":"https:\/\/infonews.az\/index.php?rest_route=%2Fwp%2Fv2%2Fcategories&post=34408"},{"taxonomy":"post_tag","embeddable":true,"href":"https:\/\/infonews.az\/index.php?rest_route=%2Fwp%2Fv2%2Ftags&post=34408"}],"curies":[{"name":"wp","href":"https:\/\/api.w.org\/{rel}","templated":true}]}}