{"id":34431,"date":"2023-04-20T21:16:20","date_gmt":"2023-04-20T17:16:20","guid":{"rendered":"https:\/\/infonews.az\/?p=34431"},"modified":"2023-04-20T21:16:20","modified_gmt":"2023-04-20T17:16:20","slug":"haci-rahib-babayev-ramazan-bayrami-munasib%c9%99til%c9%99-mus%c9%99lmanlari-t%c9%99brik-edib","status":"publish","type":"post","link":"https:\/\/infonews.az\/?p=34431","title":{"rendered":"Hac\u0131 Rahib Babayev Ramazan bayram\u0131 m\u00fcnasib\u0259til\u0259 m\u00fcs\u0259lmanlar\u0131 t\u0259brik edib"},"content":{"rendered":"<p><span style=\"color: #000000;\">Hac\u0131 Rahib Babayev Ramazan bayram\u0131 m\u00fcnasib\u0259til\u0259 m\u00fcs\u0259lmanlar\u0131 t\u0259brik edib .<\/span><\/p>\n<blockquote><p><span style=\"color: #000000;\">\u00d6lk\u0259mizd\u0259 Ramazan ay\u0131 mart\u0131n 23-d\u0259 ba\u015flay\u0131b. Aprelin 9-u (Ramazan\u0131n 18-ci g\u00fcn\u00fc), 11-i (Ramazan\u0131n 20-ci g\u00fcn\u00fc), 13-\u00fc (Ramazan\u0131n 22-ci g\u00fcn\u00fc) v\u0259 17-d\u0259 (Ramazan\u0131n 26-c\u0131 g\u00fcn\u00fc) Q\u0259dr (\u018fhya) gec\u0259l\u0259ri olub. 21 Aprel 2023-c\u00fc il &#8211; \u015eaban ay\u0131n\u0131n 1-i Fitr bayram\u0131d\u0131r. Aprelin 21 v\u0259 22-d\u0259 Az\u0259rbaycanda M\u00fcq\u0259dd\u0259s Ramazan bayram\u0131 hesab olunur.<\/span><\/p><\/blockquote>\n<p><span style=\"color: #000000;\"><strong><a href=\"https:\/\/infonews.az\/\"><span style=\"color: #000080;\">&#8220;\u0130NFONEWS&#8221;<\/span><\/a><\/strong> x\u0259b\u0259r verir ki, M\u00fcq\u0259dd\u0259s Ramazan bayram\u0131 m\u00fcnasib\u0259ti il\u0259 Bibiheyb\u0259t M\u0259scidinin Axundu, Qafqaz M\u00fcs\u0259lmanlar\u0131 \u0130dar\u0259sinin qaz\u0131s\u0131 Hac\u0131 Mir Rahib Babayev d\u00fcnya m\u00fcs\u0259lmanlar\u0131n\u0131 v\u0259 Az\u0259rbaycan xalq\u0131n\u0131 t\u0259brik edib.<\/span><\/p>\n<p><span style=\"color: #000000;\">T\u0259brikd\u0259 deyilir:<\/span><\/p>\n<blockquote>\n<p class=\"LC20lb MBeuO DKV0Md\"><span style=\"color: #000000;\">\u201cBismillahir &#8211; R\u0259hmanir &#8211; R\u0259him.<br \/>\n\u018fziz m\u00fcs\u0259lmanlar, 11 ay\u0131n sultan\u0131 M\u00fcbar\u0259k Ramazan ay\u0131n\u0131n sonu, qar\u015f\u0131m\u0131za Fitr bayram\u0131 g\u0259lir. Bu bayram m\u00fcnasib\u0259ti il\u0259 siz \u0259zizl\u0259rimi s\u0259mimi q\u0259lbd\u0259n t\u0259brik edir\u0259m. Uca Tanr\u0131dan arzum budur ki, bu ayda etdiyimiz ibad\u0259t v\u0259 ita\u0259tl\u0259rimizi, dualar\u0131m\u0131z\u0131 Allah q\u0259bul etsin. Allah \u00f6lk\u0259miz\u0259 g\u00fcc versin.\u00a0 Bir daha bayram\u0131m\u0131z m\u00fcbar\u0259k olsun!&#8221;<\/span><\/p>\n<\/blockquote>\n<p><a href=\"https:\/\/www.facebook.com\/100052308848971\/posts\/pfbid026EQvobCoMqqiP1EYT2H7vffwR26KH9k128NLfDFA5hrGB3TVf2yCMJxyd9UvGcrml\/?d=w&amp;mibextid=qC1gEa\">https:\/\/www.facebook.com\/100052308848971\/posts\/pfbid026EQvobCoMqqiP1EYT2H7vffwR26KH9k128NLfDFA5hrGB3TVf2yCMJxyd9UvGcrml\/?d=w&amp;mibextid=qC1gEa<\/a><\/p>\n","protected":false},"excerpt":{"rendered":"<p>Hac\u0131 Rahib Babayev Ramazan bayram\u0131 m\u00fcnasib\u0259til\u0259 m\u00fcs\u0259lmanlar\u0131 t\u0259brik edib . \u00d6lk\u0259mizd\u0259 Ramazan ay\u0131 mart\u0131n 23-d\u0259 ba\u015flay\u0131b. Aprelin 9-u (Ramazan\u0131n 18-ci g\u00fcn\u00fc), 11-i (Ramazan\u0131n 20-ci g\u00fcn\u00fc), 13-\u00fc (Ramazan\u0131n 22-ci g\u00fcn\u00fc) v\u0259&hellip; <\/p>\n","protected":false},"author":3,"featured_media":33134,"comment_status":"open","ping_status":"open","sticky":false,"template":"","format":"standard","meta":{"_mi_skip_tracking":false,"_monsterinsights_sitenote_active":false,"_monsterinsights_sitenote_note":"","_monsterinsights_sitenote_category":0,"footnotes":""},"categories":[4,9633,11],"tags":[9636,4428,942],"aioseo_notices":[],"_links":{"self":[{"href":"https:\/\/infonews.az\/index.php?rest_route=\/wp\/v2\/posts\/34431"}],"collection":[{"href":"https:\/\/infonews.az\/index.php?rest_route=\/wp\/v2\/posts"}],"about":[{"href":"https:\/\/infonews.az\/index.php?rest_route=\/wp\/v2\/types\/post"}],"author":[{"embeddable":true,"href":"https:\/\/infonews.az\/index.php?rest_route=\/wp\/v2\/users\/3"}],"replies":[{"embeddable":true,"href":"https:\/\/infonews.az\/index.php?rest_route=%2Fwp%2Fv2%2Fcomments&post=34431"}],"version-history":[{"count":1,"href":"https:\/\/infonews.az\/index.php?rest_route=\/wp\/v2\/posts\/34431\/revisions"}],"predecessor-version":[{"id":34432,"href":"https:\/\/infonews.az\/index.php?rest_route=\/wp\/v2\/posts\/34431\/revisions\/34432"}],"wp:featuredmedia":[{"embeddable":true,"href":"https:\/\/infonews.az\/index.php?rest_route=\/wp\/v2\/media\/33134"}],"wp:attachment":[{"href":"https:\/\/infonews.az\/index.php?rest_route=%2Fwp%2Fv2%2Fmedia&parent=34431"}],"wp:term":[{"taxonomy":"category","embeddable":true,"href":"https:\/\/infonews.az\/index.php?rest_route=%2Fwp%2Fv2%2Fcategories&post=34431"},{"taxonomy":"post_tag","embeddable":true,"href":"https:\/\/infonews.az\/index.php?rest_route=%2Fwp%2Fv2%2Ftags&post=34431"}],"curies":[{"name":"wp","href":"https:\/\/api.w.org\/{rel}","templated":true}]}}