{"id":34446,"date":"2023-04-21T12:10:26","date_gmt":"2023-04-21T08:10:26","guid":{"rendered":"https:\/\/infonews.az\/?p=34446"},"modified":"2023-04-21T12:10:26","modified_gmt":"2023-04-21T08:10:26","slug":"erm%c9%99ni-katolikosu-din-il%c9%99-siyas%c9%99tin-yerini-s%c9%99hv-salib-allahsukur-pasazad%c9%99","status":"publish","type":"post","link":"https:\/\/infonews.az\/?p=34446","title":{"rendered":"Erm\u0259ni katolikosu din il\u0259 siyas\u0259tin yerini s\u0259hv sal\u0131b &#8211; Allah\u015f\u00fck\u00fcr Pa\u015fazad\u0259"},"content":{"rendered":"<p><span style=\"color: #ffffff;\">Erm\u0259ni katolikosu din il\u0259 siyas\u0259tin yerini s\u0259hv sal\u0131b &#8211; Allah\u015f\u00fck\u00fcr Pa\u015fazad\u0259<\/span><\/p>\n<blockquote><p>Az\u0259rbaycanla d\u00fc\u015fm\u0259n dili il\u0259 dan\u0131\u015fmaq olmaz. Erm\u0259ni katolikosu din il\u0259 siyas\u0259tin yerini s\u0259hv sal\u0131b.<\/p><\/blockquote>\n<p><a href=\"https:\/\/infonews.az\/\"><span style=\"color: #333399;\"><strong>&#8220;\u0130NFONEWS&#8221;<\/strong><\/span><\/a> x\u0259b\u0259r verir ki, bu fikirl\u0259ri jurnalistl\u0259r\u0259 a\u00e7\u0131qlamas\u0131nda Qafqaz M\u00fcs\u0259lmanlar\u0131 \u0130dar\u0259sinin (QM\u0130) s\u0259dri \u015eeyx\u00fclislam Allah\u015f\u00fck\u00fcr Pa\u015fazad\u0259 s\u00f6yl\u0259yib.<\/p>\n<p>O qeyd edib ki, erm\u0259ni katolikosunun a\u00e7\u0131qlamalar\u0131 din adamlar\u0131na uy\u011fun olmayan a\u00e7\u0131qlamad\u0131r.<\/p>\n<p>\u201cDin adamlar\u0131 m\u00fcharib\u0259 \u00fc\u00e7\u00fcn deyil, s\u00fclh \u00fc\u00e7\u00fcn \u00e7al\u0131\u015fmal\u0131d\u0131r. Erm\u0259ni katolikosunun yeni m\u00fcharib\u0259 \u00e7a\u011f\u0131r\u0131\u015flar\u0131 onun siyasi ambisiyalar\u0131n qurban\u0131na \u00e7evrilm\u0259sind\u0259n ir\u0259li g\u0259lir\u201d, &#8211; dey\u0259 \u015feyx\u00fclislam vur\u011fulay\u0131b.<\/p>\n<p>Az\u0259rbaycan\u0131n h\u0259mi\u015f\u0259 d\u00fcnyan\u0131 dostlu\u011fa \u00e7a\u011f\u0131rd\u0131\u011f\u0131n\u0131 s\u00f6yl\u0259y\u0259n A.Pa\u015fazad\u0259, h\u0259m\u00e7inin qeyd edib: &#8220;Biz erm\u0259ni kils\u0259sini d\u0259 dostlu\u011fa, bar\u0131\u015f\u0131\u011fa \u00e7a\u011f\u0131r\u0131r\u0131q&#8221;.<\/p>\n","protected":false},"excerpt":{"rendered":"<p>Erm\u0259ni katolikosu din il\u0259 siyas\u0259tin yerini s\u0259hv sal\u0131b &#8211; Allah\u015f\u00fck\u00fcr Pa\u015fazad\u0259 Az\u0259rbaycanla d\u00fc\u015fm\u0259n dili il\u0259 dan\u0131\u015fmaq olmaz. Erm\u0259ni katolikosu din il\u0259 siyas\u0259tin yerini s\u0259hv sal\u0131b. &#8220;\u0130NFONEWS&#8221; x\u0259b\u0259r verir ki, bu&hellip; <\/p>\n","protected":false},"author":14,"featured_media":34447,"comment_status":"open","ping_status":"open","sticky":false,"template":"","format":"standard","meta":{"_mi_skip_tracking":false,"_monsterinsights_sitenote_active":false,"_monsterinsights_sitenote_note":"","_monsterinsights_sitenote_category":0,"footnotes":""},"categories":[5373,10189,6,11],"tags":[15,5473],"aioseo_notices":[],"_links":{"self":[{"href":"https:\/\/infonews.az\/index.php?rest_route=\/wp\/v2\/posts\/34446"}],"collection":[{"href":"https:\/\/infonews.az\/index.php?rest_route=\/wp\/v2\/posts"}],"about":[{"href":"https:\/\/infonews.az\/index.php?rest_route=\/wp\/v2\/types\/post"}],"author":[{"embeddable":true,"href":"https:\/\/infonews.az\/index.php?rest_route=\/wp\/v2\/users\/14"}],"replies":[{"embeddable":true,"href":"https:\/\/infonews.az\/index.php?rest_route=%2Fwp%2Fv2%2Fcomments&post=34446"}],"version-history":[{"count":1,"href":"https:\/\/infonews.az\/index.php?rest_route=\/wp\/v2\/posts\/34446\/revisions"}],"predecessor-version":[{"id":34448,"href":"https:\/\/infonews.az\/index.php?rest_route=\/wp\/v2\/posts\/34446\/revisions\/34448"}],"wp:featuredmedia":[{"embeddable":true,"href":"https:\/\/infonews.az\/index.php?rest_route=\/wp\/v2\/media\/34447"}],"wp:attachment":[{"href":"https:\/\/infonews.az\/index.php?rest_route=%2Fwp%2Fv2%2Fmedia&parent=34446"}],"wp:term":[{"taxonomy":"category","embeddable":true,"href":"https:\/\/infonews.az\/index.php?rest_route=%2Fwp%2Fv2%2Fcategories&post=34446"},{"taxonomy":"post_tag","embeddable":true,"href":"https:\/\/infonews.az\/index.php?rest_route=%2Fwp%2Fv2%2Ftags&post=34446"}],"curies":[{"name":"wp","href":"https:\/\/api.w.org\/{rel}","templated":true}]}}