{"id":34449,"date":"2023-04-21T12:23:15","date_gmt":"2023-04-21T08:23:15","guid":{"rendered":"https:\/\/infonews.az\/?p=34449"},"modified":"2023-04-21T12:23:15","modified_gmt":"2023-04-21T08:23:15","slug":"mehriban-%c9%99liyevadan-ramazan-bayramini-t%c9%99briki","status":"publish","type":"post","link":"https:\/\/infonews.az\/?p=34449","title":{"rendered":"Mehriban \u018fliyevadan Ramazan bayram\u0131n\u0131 T\u018fBR\u0130K\u0130"},"content":{"rendered":"<p><span style=\"color: #ffffff;\">Mehriban \u018fliyevadan Ramazan bayram\u0131n\u0131 T\u018fBR\u0130K\u0130<\/span><\/p>\n<p><img loading=\"lazy\" decoding=\"async\" class=\"aligncenter size-full wp-image-34450\" src=\"https:\/\/infonews.az\/wp-content\/uploads\/2023\/04\/1682050191608362366_1200x630.jpg\" alt=\"\" width=\"923\" height=\"630\" srcset=\"https:\/\/infonews.az\/wp-content\/uploads\/2023\/04\/1682050191608362366_1200x630.jpg 923w, https:\/\/infonews.az\/wp-content\/uploads\/2023\/04\/1682050191608362366_1200x630-300x205.jpg 300w, https:\/\/infonews.az\/wp-content\/uploads\/2023\/04\/1682050191608362366_1200x630-768x524.jpg 768w\" sizes=\"(max-width: 923px) 100vw, 923px\" \/><\/p>\n<blockquote><p><strong>Az\u0259rbaycan\u0131n Birinci vitse-prezidenti Mehriban \u018fliyeva sosial \u015f\u0259b\u0259k\u0259 hesablar\u0131nda Ramazan ay\u0131 il\u0259 ba\u011fl\u0131 payla\u015f\u0131m edib.<\/strong><\/p><\/blockquote>\n<p><strong><span style=\"color: #ff0000;\"><a href=\"https:\/\/infonews.az\/\">&#8220;\u0130NFONEWS&#8221;<\/a>\u00a0<\/span><\/strong><span style=\"color: #ff0000;\"><span style=\"color: #000000;\">payla\u015f\u0131m\u0131 t\u0259qdim edir:<\/span><\/span><\/p>\n<p>\u201c\u0130nsanlar\u0131 xeyirxahl\u0131\u011fa, m\u0259rh\u0259m\u0259t\u0259 v\u0259 \u015f\u0259fq\u0259t\u0259, \u0259traf\u0131ndak\u0131lara, do\u011fmalar\u0131na diqq\u0259t v\u0259 qay\u011f\u0131 g\u00f6st\u0259rm\u0259y\u0259 s\u00f6vq ed\u0259n m\u00fcq\u0259dd\u0259s Ramazan bayram\u0131 m\u00fcnasib\u0259til\u0259 b\u00fct\u00fcn Az\u0259rbaycan xalq\u0131n\u0131 v\u0259 d\u00fcnya m\u00fcs\u0259lmanlar\u0131n\u0131 s\u0259mimi-q\u0259lbd\u0259n t\u0259brik edir\u0259m! Allah etdiyiniz dualar\u0131, tutdu\u011funuz orucu q\u0259bul etsin! H\u0259r biriniz\u0259 m\u00f6hk\u0259m cansa\u011fl\u0131\u011f\u0131, sevgi, sevinc v\u0259 g\u00f6z\u0259l \u0259hvali-ruhiyy\u0259 arzulay\u0131ram. Qoy bu bayram \u00fcr\u0259kl\u0259rd\u0259 saf niyy\u0259tl\u0259r v\u0259 xo\u015f duy\u011fular oyats\u0131n, h\u0259r bir oca\u011fa xeyir, rahatl\u0131q v\u0259 xo\u015fb\u0259xtlik, h\u0259r bir \u00f6lk\u0259y\u0259 s\u00fclh v\u0259 \u0259min-amanl\u0131q g\u0259tirsin!\u201d.<\/p>\n","protected":false},"excerpt":{"rendered":"<p>Mehriban \u018fliyevadan Ramazan bayram\u0131n\u0131 T\u018fBR\u0130K\u0130 Az\u0259rbaycan\u0131n Birinci vitse-prezidenti Mehriban \u018fliyeva sosial \u015f\u0259b\u0259k\u0259 hesablar\u0131nda Ramazan ay\u0131 il\u0259 ba\u011fl\u0131 payla\u015f\u0131m edib. &#8220;\u0130NFONEWS&#8221;\u00a0payla\u015f\u0131m\u0131 t\u0259qdim edir: \u201c\u0130nsanlar\u0131 xeyirxahl\u0131\u011fa, m\u0259rh\u0259m\u0259t\u0259 v\u0259 \u015f\u0259fq\u0259t\u0259, \u0259traf\u0131ndak\u0131lara, do\u011fmalar\u0131na diqq\u0259t&hellip; <\/p>\n","protected":false},"author":14,"featured_media":8911,"comment_status":"open","ping_status":"open","sticky":false,"template":"","format":"standard","meta":{"_mi_skip_tracking":false,"_monsterinsights_sitenote_active":false,"_monsterinsights_sitenote_note":"","_monsterinsights_sitenote_category":0,"footnotes":""},"categories":[5373,9633,6,11,50],"tags":[962,15,9961],"aioseo_notices":[],"_links":{"self":[{"href":"https:\/\/infonews.az\/index.php?rest_route=\/wp\/v2\/posts\/34449"}],"collection":[{"href":"https:\/\/infonews.az\/index.php?rest_route=\/wp\/v2\/posts"}],"about":[{"href":"https:\/\/infonews.az\/index.php?rest_route=\/wp\/v2\/types\/post"}],"author":[{"embeddable":true,"href":"https:\/\/infonews.az\/index.php?rest_route=\/wp\/v2\/users\/14"}],"replies":[{"embeddable":true,"href":"https:\/\/infonews.az\/index.php?rest_route=%2Fwp%2Fv2%2Fcomments&post=34449"}],"version-history":[{"count":1,"href":"https:\/\/infonews.az\/index.php?rest_route=\/wp\/v2\/posts\/34449\/revisions"}],"predecessor-version":[{"id":34451,"href":"https:\/\/infonews.az\/index.php?rest_route=\/wp\/v2\/posts\/34449\/revisions\/34451"}],"wp:featuredmedia":[{"embeddable":true,"href":"https:\/\/infonews.az\/index.php?rest_route=\/wp\/v2\/media\/8911"}],"wp:attachment":[{"href":"https:\/\/infonews.az\/index.php?rest_route=%2Fwp%2Fv2%2Fmedia&parent=34449"}],"wp:term":[{"taxonomy":"category","embeddable":true,"href":"https:\/\/infonews.az\/index.php?rest_route=%2Fwp%2Fv2%2Fcategories&post=34449"},{"taxonomy":"post_tag","embeddable":true,"href":"https:\/\/infonews.az\/index.php?rest_route=%2Fwp%2Fv2%2Ftags&post=34449"}],"curies":[{"name":"wp","href":"https:\/\/api.w.org\/{rel}","templated":true}]}}