{"id":34495,"date":"2023-04-23T17:57:21","date_gmt":"2023-04-23T13:57:21","guid":{"rendered":"https:\/\/infonews.az\/?p=34495"},"modified":"2023-04-23T17:57:21","modified_gmt":"2023-04-23T13:57:21","slug":"lacin-istiqam%c9%99tind%c9%99-movqel%c9%99rimiz-at%c9%99s%c9%99-tutulub","status":"publish","type":"post","link":"https:\/\/infonews.az\/?p=34495","title":{"rendered":"La\u00e7\u0131n istiqam\u0259tind\u0259 m\u00f6vqel\u0259rimiz at\u0259\u015f\u0259 tutulub"},"content":{"rendered":"<p><span style=\"color: #ffffff;\">La\u00e7\u0131n istiqam\u0259tind\u0259 m\u00f6vqel\u0259rimiz at\u0259\u015f\u0259 tutulub<\/span><\/p>\n<blockquote><p><strong>Aprelin 23-\u00fc saat 15:10 rad\u0259l\u0259rind\u0259 Erm\u0259nistan silahl\u0131 q\u00fcvv\u0259l\u0259rinin b\u00f6lm\u0259l\u0259ri Qarakils\u0259 rayonunun Q\u0131z\u0131lc\u0131q ya\u015fay\u0131\u015f m\u0259nt\u0259q\u0259si istiqam\u0259tind\u0259 yerl\u0259\u015f\u0259n m\u00f6vqel\u0259rind\u0259n Ordumuzun La\u00e7\u0131n rayonunun Mink\u0259nd ya\u015fay\u0131\u015f m\u0259nt\u0259q\u0259si istiqam\u0259tind\u0259 yerl\u0259\u015f\u0259n m\u00f6vqel\u0259rini at\u0131c\u0131 silahlardan at\u0259\u015f\u0259 tutub.<\/strong><\/p><\/blockquote>\n<p>Bu bar\u0259d\u0259 <strong><a href=\"http:\/\/\u0130NFONEWS\">\u0130NFONEWS<\/a><\/strong>-a Az\u0259rbaycan\u0131n M\u00fcdafi\u0259 Nazirliyind\u0259n bildirilib.<\/p>\n<p>Ordumuzun b\u00f6lm\u0259l\u0259ri t\u0259r\u0259find\u0259n qeyd olunan istiqam\u0259td\u0259 adekvat cavab t\u0259dbirl\u0259ri g\u00f6r\u00fcl\u00fcb.<\/p>\n<p>&nbsp;<\/p>\n<p><em><strong>\u018fziz\u0259 \u018flizad\u0259<\/strong><\/em><\/p>\n<p><em><strong>\u00a9 Materiallardan istifad\u0259 ed\u0259rk\u0259n hiperlinkl\u0259 istinad olunmal\u0131d\u0131r<\/strong><\/em><\/p>\n<p><em><strong><a href=\"http:\/\/\u0130NFONEWS\">\u0130NFONEWS<\/a><\/strong><\/em><\/p>\n","protected":false},"excerpt":{"rendered":"<p>La\u00e7\u0131n istiqam\u0259tind\u0259 m\u00f6vqel\u0259rimiz at\u0259\u015f\u0259 tutulub Aprelin 23-\u00fc saat 15:10 rad\u0259l\u0259rind\u0259 Erm\u0259nistan silahl\u0131 q\u00fcvv\u0259l\u0259rinin b\u00f6lm\u0259l\u0259ri Qarakils\u0259 rayonunun Q\u0131z\u0131lc\u0131q ya\u015fay\u0131\u015f m\u0259nt\u0259q\u0259si istiqam\u0259tind\u0259 yerl\u0259\u015f\u0259n m\u00f6vqel\u0259rind\u0259n Ordumuzun La\u00e7\u0131n rayonunun Mink\u0259nd ya\u015fay\u0131\u015f m\u0259nt\u0259q\u0259si istiqam\u0259tind\u0259 yerl\u0259\u015f\u0259n&hellip; <\/p>\n","protected":false},"author":14,"featured_media":34496,"comment_status":"open","ping_status":"open","sticky":false,"template":"","format":"standard","meta":{"_mi_skip_tracking":false,"_monsterinsights_sitenote_active":false,"_monsterinsights_sitenote_note":"","_monsterinsights_sitenote_category":0,"footnotes":""},"categories":[6664,11],"tags":[8703,9224,7809,10419,10420,10806,15,19,8054,41],"aioseo_notices":[],"_links":{"self":[{"href":"https:\/\/infonews.az\/index.php?rest_route=\/wp\/v2\/posts\/34495"}],"collection":[{"href":"https:\/\/infonews.az\/index.php?rest_route=\/wp\/v2\/posts"}],"about":[{"href":"https:\/\/infonews.az\/index.php?rest_route=\/wp\/v2\/types\/post"}],"author":[{"embeddable":true,"href":"https:\/\/infonews.az\/index.php?rest_route=\/wp\/v2\/users\/14"}],"replies":[{"embeddable":true,"href":"https:\/\/infonews.az\/index.php?rest_route=%2Fwp%2Fv2%2Fcomments&post=34495"}],"version-history":[{"count":1,"href":"https:\/\/infonews.az\/index.php?rest_route=\/wp\/v2\/posts\/34495\/revisions"}],"predecessor-version":[{"id":34497,"href":"https:\/\/infonews.az\/index.php?rest_route=\/wp\/v2\/posts\/34495\/revisions\/34497"}],"wp:featuredmedia":[{"embeddable":true,"href":"https:\/\/infonews.az\/index.php?rest_route=\/wp\/v2\/media\/34496"}],"wp:attachment":[{"href":"https:\/\/infonews.az\/index.php?rest_route=%2Fwp%2Fv2%2Fmedia&parent=34495"}],"wp:term":[{"taxonomy":"category","embeddable":true,"href":"https:\/\/infonews.az\/index.php?rest_route=%2Fwp%2Fv2%2Fcategories&post=34495"},{"taxonomy":"post_tag","embeddable":true,"href":"https:\/\/infonews.az\/index.php?rest_route=%2Fwp%2Fv2%2Ftags&post=34495"}],"curies":[{"name":"wp","href":"https:\/\/api.w.org\/{rel}","templated":true}]}}