{"id":34516,"date":"2023-04-25T12:40:42","date_gmt":"2023-04-25T08:40:42","guid":{"rendered":"https:\/\/infonews.az\/?p=34516"},"modified":"2023-04-25T12:40:42","modified_gmt":"2023-04-25T08:40:42","slug":"prezident-ilham-%c9%99liyev-bolqaristanda-isguzar-s%c9%99f%c9%99rd%c9%99dir","status":"publish","type":"post","link":"https:\/\/infonews.az\/?p=34516","title":{"rendered":"Prezident \u0130lham \u018fliyev Bolqar\u0131standa i\u015fg\u00fczar s\u0259f\u0259rd\u0259dir"},"content":{"rendered":"<p><span style=\"color: #ffffff;\">Prezident \u0130lham \u018fliyev Bolqar\u0131standa i\u015fg\u00fczar s\u0259f\u0259rd\u0259dir<\/span><\/p>\n<blockquote><p><strong>Aprelin 25-d\u0259 Az\u0259rbaycan Respublikas\u0131n\u0131n Prezidenti \u0130lham \u018fliyev Bolqar\u0131stan Respublikas\u0131na i\u015fg\u00fczar s\u0259f\u0259r\u0259 gedib.<\/strong><\/p><\/blockquote>\n<p><strong><a href=\"http:\/\/\u0130NFONEWS\">\u0130NFONEWS<\/a><\/strong>\u00a0x\u0259b\u0259r verir ki, h\u0259r iki \u00f6lk\u0259nin D\u00f6vl\u0259t bayraqlar\u0131n\u0131n dal\u011faland\u0131\u011f\u0131 Sofiya \u015f\u0259h\u0259rinin hava liman\u0131nda Az\u0259rbaycan Prezidentinin \u015f\u0259r\u0259fin\u0259 f\u0259xri qarovul d\u0259st\u0259si d\u00fcz\u00fcl\u00fcb.<\/p>\n<p>Prezident \u0130lham \u018fliyevi Bolqar\u0131stan\u0131n Ba\u015f nazirinin iqtisadi siyas\u0259t \u00fczr\u0259 m\u00fcavini, n\u0259qliyyat v\u0259 kommunikasiya naziri Hristo Aleksiev, Prezidentin xarici \u0259laq\u0259l\u0259r \u00fczr\u0259 katibi Roussi \u0130vanov v\u0259 dig\u0259r r\u0259smi \u015f\u0259xsl\u0259r qar\u015f\u0131lay\u0131blar.<\/p>\n<p><em><strong>\u018fziz\u0259 \u018flizad\u0259<\/strong><\/em><\/p>\n<p><em><strong>\u00a9 Materiallardan istifad\u0259 ed\u0259rk\u0259n hiperlinkl\u0259 istinad olunmal\u0131d\u0131r<\/strong><\/em><\/p>\n<p><em><strong><a href=\"http:\/\/\u0130NFONEWS\">\u0130NFONEWS<\/a><\/strong><\/em><\/p>\n<p>&nbsp;<\/p>\n<p>&nbsp;<\/p>\n<p>&nbsp;<\/p>\n","protected":false},"excerpt":{"rendered":"<p>Prezident \u0130lham \u018fliyev Bolqar\u0131standa i\u015fg\u00fczar s\u0259f\u0259rd\u0259dir Aprelin 25-d\u0259 Az\u0259rbaycan Respublikas\u0131n\u0131n Prezidenti \u0130lham \u018fliyev Bolqar\u0131stan Respublikas\u0131na i\u015fg\u00fczar s\u0259f\u0259r\u0259 gedib. \u0130NFONEWS\u00a0x\u0259b\u0259r verir ki, h\u0259r iki \u00f6lk\u0259nin D\u00f6vl\u0259t bayraqlar\u0131n\u0131n dal\u011faland\u0131\u011f\u0131 Sofiya \u015f\u0259h\u0259rinin hava&hellip; <\/p>\n","protected":false},"author":14,"featured_media":34517,"comment_status":"open","ping_status":"open","sticky":false,"template":"","format":"standard","meta":{"_mi_skip_tracking":false,"_monsterinsights_sitenote_active":false,"_monsterinsights_sitenote_note":"","_monsterinsights_sitenote_category":0,"footnotes":""},"categories":[6,11,10171],"tags":[9444,10829,9447,10828,10830,842,20,15,7818,139],"aioseo_notices":[],"_links":{"self":[{"href":"https:\/\/infonews.az\/index.php?rest_route=\/wp\/v2\/posts\/34516"}],"collection":[{"href":"https:\/\/infonews.az\/index.php?rest_route=\/wp\/v2\/posts"}],"about":[{"href":"https:\/\/infonews.az\/index.php?rest_route=\/wp\/v2\/types\/post"}],"author":[{"embeddable":true,"href":"https:\/\/infonews.az\/index.php?rest_route=\/wp\/v2\/users\/14"}],"replies":[{"embeddable":true,"href":"https:\/\/infonews.az\/index.php?rest_route=%2Fwp%2Fv2%2Fcomments&post=34516"}],"version-history":[{"count":1,"href":"https:\/\/infonews.az\/index.php?rest_route=\/wp\/v2\/posts\/34516\/revisions"}],"predecessor-version":[{"id":34518,"href":"https:\/\/infonews.az\/index.php?rest_route=\/wp\/v2\/posts\/34516\/revisions\/34518"}],"wp:featuredmedia":[{"embeddable":true,"href":"https:\/\/infonews.az\/index.php?rest_route=\/wp\/v2\/media\/34517"}],"wp:attachment":[{"href":"https:\/\/infonews.az\/index.php?rest_route=%2Fwp%2Fv2%2Fmedia&parent=34516"}],"wp:term":[{"taxonomy":"category","embeddable":true,"href":"https:\/\/infonews.az\/index.php?rest_route=%2Fwp%2Fv2%2Fcategories&post=34516"},{"taxonomy":"post_tag","embeddable":true,"href":"https:\/\/infonews.az\/index.php?rest_route=%2Fwp%2Fv2%2Ftags&post=34516"}],"curies":[{"name":"wp","href":"https:\/\/api.w.org\/{rel}","templated":true}]}}