{"id":34606,"date":"2023-04-29T14:39:14","date_gmt":"2023-04-29T10:39:14","guid":{"rendered":"https:\/\/infonews.az\/?p=34606"},"modified":"2023-04-29T14:39:14","modified_gmt":"2023-04-29T10:39:14","slug":"az%c9%99rbaycan-v%c9%99-turkiy%c9%99-prezidentl%c9%99ri-teknofest-festivalinda-istirak-edirl%c9%99r","status":"publish","type":"post","link":"https:\/\/infonews.az\/?p=34606","title":{"rendered":"Az\u0259rbaycan v\u0259 T\u00fcrkiy\u0259 Prezidentl\u0259ri \u201cTEKNOFEST\u201d festival\u0131nda i\u015ftirak edirl\u0259r"},"content":{"rendered":"<p><span style=\"color: #ffffff;\">Az\u0259rbaycan v\u0259 T\u00fcrkiy\u0259 Prezidentl\u0259ri \u201cTEKNOFEST\u201d festival\u0131nda i\u015ftirak edirl\u0259r\u00a0 <\/span><\/p>\n<blockquote><p>Aprelin 29-da Az\u0259rbaycan Respublikas\u0131n\u0131n Prezidenti \u0130lham \u018fliyev v\u0259 T\u00fcrkiy\u0259 Respublikas\u0131n\u0131n Prezidenti R\u0259c\u0259b Tayyib \u018frdo\u011fan \u0130stanbulda ke\u00e7iril\u0259n \u201cTEKNOFEST\u201d aerokosmik v\u0259 texnologiya festival\u0131nda i\u015ftirak edirl\u0259r.<\/p><\/blockquote>\n<p><a href=\"https:\/\/infonews.az\/\"><span style=\"color: #ff0000;\"><strong>&#8220;\u0130NFONEWS&#8221;<\/strong> <\/span><\/a>x\u0259b\u0259r verir ki, T\u00fcrkiy\u0259 Prezidenti R\u0259c\u0259b Tayyib \u018frdo\u011fan v\u0259 xan\u0131m\u0131 \u018fmin\u0259 \u018frdo\u011fan, Az\u0259rbaycan Prezidenti \u0130lham \u018fliyev v\u0259 birinci xan\u0131m Mehriban \u018fliyeva qarda\u015f \u00f6lk\u0259nin texnoloji inki\u015faf\u0131n\u0131n daha bir g\u00f6st\u0259ricisi olan \u201cTogg\u201d avtomobili il\u0259 festival\u0131n ke\u00e7irildiyi m\u0259kana g\u0259ldil\u0259r.<\/p>\n<p>Yolboyu d\u00fcz\u00fcl\u0259n festival i\u015ftirak\u00e7\u0131lar\u0131 prezidentl\u0259ri, birinci xan\u0131mlar\u0131 g\u00fcl-\u00e7i\u00e7\u0259k d\u0259st\u0259l\u0259ri v\u0259 s\u00fcr\u0259kli alq\u0131\u015flarla qar\u015f\u0131lad\u0131lar.<\/p>\n<p>Sonra xatir\u0259 \u015f\u0259kli \u00e7\u0259kdirildi.<\/p>\n","protected":false},"excerpt":{"rendered":"<p>Az\u0259rbaycan v\u0259 T\u00fcrkiy\u0259 Prezidentl\u0259ri \u201cTEKNOFEST\u201d festival\u0131nda i\u015ftirak edirl\u0259r\u00a0 Aprelin 29-da Az\u0259rbaycan Respublikas\u0131n\u0131n Prezidenti \u0130lham \u018fliyev v\u0259 T\u00fcrkiy\u0259 Respublikas\u0131n\u0131n Prezidenti R\u0259c\u0259b Tayyib \u018frdo\u011fan \u0130stanbulda ke\u00e7iril\u0259n \u201cTEKNOFEST\u201d aerokosmik v\u0259 texnologiya festival\u0131nda i\u015ftirak&hellip; <\/p>\n","protected":false},"author":14,"featured_media":34607,"comment_status":"open","ping_status":"open","sticky":false,"template":"","format":"standard","meta":{"_mi_skip_tracking":false,"_monsterinsights_sitenote_active":false,"_monsterinsights_sitenote_note":"","_monsterinsights_sitenote_category":0,"footnotes":""},"categories":[4,6,11],"tags":[7157,1008,15,7324],"aioseo_notices":[],"_links":{"self":[{"href":"https:\/\/infonews.az\/index.php?rest_route=\/wp\/v2\/posts\/34606"}],"collection":[{"href":"https:\/\/infonews.az\/index.php?rest_route=\/wp\/v2\/posts"}],"about":[{"href":"https:\/\/infonews.az\/index.php?rest_route=\/wp\/v2\/types\/post"}],"author":[{"embeddable":true,"href":"https:\/\/infonews.az\/index.php?rest_route=\/wp\/v2\/users\/14"}],"replies":[{"embeddable":true,"href":"https:\/\/infonews.az\/index.php?rest_route=%2Fwp%2Fv2%2Fcomments&post=34606"}],"version-history":[{"count":1,"href":"https:\/\/infonews.az\/index.php?rest_route=\/wp\/v2\/posts\/34606\/revisions"}],"predecessor-version":[{"id":34608,"href":"https:\/\/infonews.az\/index.php?rest_route=\/wp\/v2\/posts\/34606\/revisions\/34608"}],"wp:featuredmedia":[{"embeddable":true,"href":"https:\/\/infonews.az\/index.php?rest_route=\/wp\/v2\/media\/34607"}],"wp:attachment":[{"href":"https:\/\/infonews.az\/index.php?rest_route=%2Fwp%2Fv2%2Fmedia&parent=34606"}],"wp:term":[{"taxonomy":"category","embeddable":true,"href":"https:\/\/infonews.az\/index.php?rest_route=%2Fwp%2Fv2%2Fcategories&post=34606"},{"taxonomy":"post_tag","embeddable":true,"href":"https:\/\/infonews.az\/index.php?rest_route=%2Fwp%2Fv2%2Ftags&post=34606"}],"curies":[{"name":"wp","href":"https:\/\/api.w.org\/{rel}","templated":true}]}}