{"id":34626,"date":"2023-05-01T12:08:40","date_gmt":"2023-05-01T08:08:40","guid":{"rendered":"https:\/\/infonews.az\/?p=34626"},"modified":"2023-05-01T12:08:40","modified_gmt":"2023-05-01T08:08:40","slug":"blinken-az%c9%99rbaycan-erm%c9%99nistan-sulh-muqavil%c9%99si-uzr%c9%99-danisiqlarin-%c9%99h%c9%99miyy%c9%99tini-vurgulayib","status":"publish","type":"post","link":"https:\/\/infonews.az\/?p=34626","title":{"rendered":"Blinken Az\u0259rbaycan-Erm\u0259nistan s\u00fclh m\u00fcqavil\u0259si \u00fczr\u0259 dan\u0131\u015f\u0131qlar\u0131n \u0259h\u0259miyy\u0259tini vur\u011fulay\u0131b"},"content":{"rendered":"<p><span style=\"color: #ffffff;\">Blinken Az\u0259rbaycan-Erm\u0259nistan s\u00fclh m\u00fcqavil\u0259si \u00fczr\u0259 dan\u0131\u015f\u0131qlar\u0131n \u0259h\u0259miyy\u0259tini vur\u011fulay\u0131b<\/span><\/p>\n<blockquote><p><strong>Antoni Blinken Erm\u0259nistanla Az\u0259rbaycan aras\u0131nda s\u00fclh m\u00fcqavil\u0259si \u00fczr\u0259 dan\u0131\u015f\u0131qlar\u0131n \u0259h\u0259miyy\u0259tini vur\u011fulay\u0131b, bu x\u00fcsusda AB\u015e-\u0131n d\u0259st\u0259yinin davam ed\u0259c\u0259yini bildirib.<\/strong><\/p><\/blockquote>\n<p><strong><a href=\"http:\/\/\u0130NFONEWS\">\u0130NFONEWS<\/a><\/strong>\u00a0x\u0259b\u0259r verir ki, bunu AB\u015e D\u00f6vl\u0259t katibi Antoni Blinken Az\u0259rbaycan Prezidenti \u0130lham \u018fliyevl\u0259 telefon dan\u0131\u015f\u0131\u011f\u0131nda deyib.<\/p>\n<p>AB\u015e D\u00f6vl\u0259t katibi s\u00fclh\u00fcn \u0259ld\u0259 edilm\u0259sinin m\u00fcmk\u00fcnl\u00fcy\u00fcn\u0259 inand\u0131\u011f\u0131n\u0131 deyib v\u0259 Az\u0259rbaycan-Erm\u0259nistan s\u0259rh\u0259dind\u0259 s\u0259rh\u0259d-burax\u0131l\u0131\u015f m\u0259nt\u0259q\u0259sinin qurulmas\u0131na toxunub.<\/p>\n<p>&nbsp;<\/p>\n<p><em><strong>\u018fziz\u0259 \u018fliyeva<\/strong><\/em><\/p>\n<p><em><strong>\u00a9 Materiallardan istifad\u0259 ed\u0259rk\u0259n hiperlinkl\u0259 istinad olunmal\u0131d\u0131r<\/strong><\/em><\/p>\n<p><em><strong><a href=\"http:\/\/\u0130NFONEWS\">\u0130NFONEWS<\/a><\/strong><\/em><\/p>\n<p>&nbsp;<\/p>\n","protected":false},"excerpt":{"rendered":"<p>Blinken Az\u0259rbaycan-Erm\u0259nistan s\u00fclh m\u00fcqavil\u0259si \u00fczr\u0259 dan\u0131\u015f\u0131qlar\u0131n \u0259h\u0259miyy\u0259tini vur\u011fulay\u0131b Antoni Blinken Erm\u0259nistanla Az\u0259rbaycan aras\u0131nda s\u00fclh m\u00fcqavil\u0259si \u00fczr\u0259 dan\u0131\u015f\u0131qlar\u0131n \u0259h\u0259miyy\u0259tini vur\u011fulay\u0131b, bu x\u00fcsusda AB\u015e-\u0131n d\u0259st\u0259yinin davam ed\u0259c\u0259yini bildirib. \u0130NFONEWS\u00a0x\u0259b\u0259r verir ki, bunu&hellip; <\/p>\n","protected":false},"author":14,"featured_media":34628,"comment_status":"open","ping_status":"open","sticky":false,"template":"","format":"standard","meta":{"_mi_skip_tracking":false,"_monsterinsights_sitenote_active":false,"_monsterinsights_sitenote_note":"","_monsterinsights_sitenote_category":0,"footnotes":""},"categories":[10171],"tags":[10873,6857,4503,6460,20,15],"aioseo_notices":[],"_links":{"self":[{"href":"https:\/\/infonews.az\/index.php?rest_route=\/wp\/v2\/posts\/34626"}],"collection":[{"href":"https:\/\/infonews.az\/index.php?rest_route=\/wp\/v2\/posts"}],"about":[{"href":"https:\/\/infonews.az\/index.php?rest_route=\/wp\/v2\/types\/post"}],"author":[{"embeddable":true,"href":"https:\/\/infonews.az\/index.php?rest_route=\/wp\/v2\/users\/14"}],"replies":[{"embeddable":true,"href":"https:\/\/infonews.az\/index.php?rest_route=%2Fwp%2Fv2%2Fcomments&post=34626"}],"version-history":[{"count":1,"href":"https:\/\/infonews.az\/index.php?rest_route=\/wp\/v2\/posts\/34626\/revisions"}],"predecessor-version":[{"id":34629,"href":"https:\/\/infonews.az\/index.php?rest_route=\/wp\/v2\/posts\/34626\/revisions\/34629"}],"wp:featuredmedia":[{"embeddable":true,"href":"https:\/\/infonews.az\/index.php?rest_route=\/wp\/v2\/media\/34628"}],"wp:attachment":[{"href":"https:\/\/infonews.az\/index.php?rest_route=%2Fwp%2Fv2%2Fmedia&parent=34626"}],"wp:term":[{"taxonomy":"category","embeddable":true,"href":"https:\/\/infonews.az\/index.php?rest_route=%2Fwp%2Fv2%2Fcategories&post=34626"},{"taxonomy":"post_tag","embeddable":true,"href":"https:\/\/infonews.az\/index.php?rest_route=%2Fwp%2Fv2%2Ftags&post=34626"}],"curies":[{"name":"wp","href":"https:\/\/api.w.org\/{rel}","templated":true}]}}