{"id":34648,"date":"2023-05-01T22:30:12","date_gmt":"2023-05-01T18:30:12","guid":{"rendered":"https:\/\/infonews.az\/?p=34648"},"modified":"2023-05-01T22:30:12","modified_gmt":"2023-05-01T18:30:12","slug":"ayxan-hacizad%c9%99-az%c9%99rbaycanla-erm%c9%99nistan-arasinda-sulhun-vaxti-catib","status":"publish","type":"post","link":"https:\/\/infonews.az\/?p=34648","title":{"rendered":"Ayxan Hac\u0131zad\u0259: &#8220;Az\u0259rbaycanla Erm\u0259nistan aras\u0131nda s\u00fclh\u00fcn vaxt\u0131 \u00e7at\u0131b&#8221;"},"content":{"rendered":"<p><span style=\"color: #ffffff;\">Ayxan Hac\u0131zad\u0259: &#8220;Az\u0259rbaycanla Erm\u0259nistan aras\u0131nda s\u00fclh\u00fcn vaxt\u0131 \u00e7at\u0131b&#8221;<\/span><\/p>\n<blockquote><p><strong>&#8220;Az\u0259rbaycanla Erm\u0259nistan aras\u0131nda \u0259razi b\u00fct\u00f6vl\u00fcy\u00fc v\u0259 suverenliy\u0259 \u0259saslanan s\u00fclh\u00fcn vaxt\u0131 \u00e7at\u0131b&#8221;.<\/strong><\/p><\/blockquote>\n<p><strong><a href=\"http:\/\/\u0130NFONEWS\">\u0130NFONEWS<\/a><\/strong>\u00a0x\u0259b\u0259r verir ki, bu bar\u0259d\u0259 Xarici \u0130\u015fl\u0259r Nazirliyinin m\u0259tbuat katibi Ayxan Hac\u0131zad\u0259 tviterd\u0259 bildirib.<\/p>\n<p>Qeyd ed\u0259k ki, Az\u0259rbaycan\u0131n xarici i\u015fl\u0259r naziri Ceyhun Bayramov v\u0259 Erm\u0259nistan\u0131n xarici i\u015fl\u0259r naziri Ararat Mirzoyan aras\u0131nda g\u00f6r\u00fc\u015f ba\u015flay\u0131b. X\u0130N ba\u015f\u00e7\u0131lar\u0131 aras\u0131nda ikit\u0259r\u0259fli g\u00f6r\u00fc\u015f Va\u015finqtonda ke\u00e7irilir.<\/p>\n<p>&nbsp;<\/p>\n<p><em><strong>\u018fziz\u0259 \u018flizad\u0259<\/strong><\/em><\/p>\n<p><em><strong>\u00a9 Materiallardan istifad\u0259 ed\u0259rk\u0259n hiperlinkl\u0259 istinad olunmal\u0131d\u0131r<\/strong><\/em><\/p>\n<p><em><strong><a href=\"http:\/\/\u0130NFONEWS\">\u0130NFONEWS<\/a><\/strong><\/em><\/p>\n<p>&nbsp;<\/p>\n","protected":false},"excerpt":{"rendered":"<p>Ayxan Hac\u0131zad\u0259: &#8220;Az\u0259rbaycanla Erm\u0259nistan aras\u0131nda s\u00fclh\u00fcn vaxt\u0131 \u00e7at\u0131b&#8221; &#8220;Az\u0259rbaycanla Erm\u0259nistan aras\u0131nda \u0259razi b\u00fct\u00f6vl\u00fcy\u00fc v\u0259 suverenliy\u0259 \u0259saslanan s\u00fclh\u00fcn vaxt\u0131 \u00e7at\u0131b&#8221;. \u0130NFONEWS\u00a0x\u0259b\u0259r verir ki, bu bar\u0259d\u0259 Xarici \u0130\u015fl\u0259r Nazirliyinin m\u0259tbuat katibi Ayxan&hellip; <\/p>\n","protected":false},"author":14,"featured_media":34649,"comment_status":"open","ping_status":"open","sticky":false,"template":"","format":"standard","meta":{"_mi_skip_tracking":false,"_monsterinsights_sitenote_active":false,"_monsterinsights_sitenote_note":"","_monsterinsights_sitenote_category":0,"footnotes":""},"categories":[6556,6,10171,10190],"tags":[10018,7514,10898,6550,13,1040,70,15,103],"aioseo_notices":[],"_links":{"self":[{"href":"https:\/\/infonews.az\/index.php?rest_route=\/wp\/v2\/posts\/34648"}],"collection":[{"href":"https:\/\/infonews.az\/index.php?rest_route=\/wp\/v2\/posts"}],"about":[{"href":"https:\/\/infonews.az\/index.php?rest_route=\/wp\/v2\/types\/post"}],"author":[{"embeddable":true,"href":"https:\/\/infonews.az\/index.php?rest_route=\/wp\/v2\/users\/14"}],"replies":[{"embeddable":true,"href":"https:\/\/infonews.az\/index.php?rest_route=%2Fwp%2Fv2%2Fcomments&post=34648"}],"version-history":[{"count":1,"href":"https:\/\/infonews.az\/index.php?rest_route=\/wp\/v2\/posts\/34648\/revisions"}],"predecessor-version":[{"id":34650,"href":"https:\/\/infonews.az\/index.php?rest_route=\/wp\/v2\/posts\/34648\/revisions\/34650"}],"wp:featuredmedia":[{"embeddable":true,"href":"https:\/\/infonews.az\/index.php?rest_route=\/wp\/v2\/media\/34649"}],"wp:attachment":[{"href":"https:\/\/infonews.az\/index.php?rest_route=%2Fwp%2Fv2%2Fmedia&parent=34648"}],"wp:term":[{"taxonomy":"category","embeddable":true,"href":"https:\/\/infonews.az\/index.php?rest_route=%2Fwp%2Fv2%2Fcategories&post=34648"},{"taxonomy":"post_tag","embeddable":true,"href":"https:\/\/infonews.az\/index.php?rest_route=%2Fwp%2Fv2%2Ftags&post=34648"}],"curies":[{"name":"wp","href":"https:\/\/api.w.org\/{rel}","templated":true}]}}