{"id":34704,"date":"2023-05-03T20:34:15","date_gmt":"2023-05-03T16:34:15","guid":{"rendered":"https:\/\/infonews.az\/?p=34704"},"modified":"2023-05-03T20:34:15","modified_gmt":"2023-05-03T16:34:15","slug":"az%c9%99rbaycan-xin-serbiyaya-bassagligi-verib","status":"publish","type":"post","link":"https:\/\/infonews.az\/?p=34704","title":{"rendered":"Az\u0259rbaycan X\u0130N Serbiyaya ba\u015fsa\u011fl\u0131\u011f\u0131 verib"},"content":{"rendered":"<p><span style=\"color: #ffffff;\">Az\u0259rbaycan X\u0130N Serbiyaya ba\u015fsa\u011fl\u0131\u011f\u0131 verib<\/span><\/p>\n<blockquote><p><strong>Az\u0259rbaycan Xarici \u0130\u015fl\u0259r Nazirliyi Belqradda m\u0259kt\u0259bl\u0259rd\u0259n birind\u0259 ba\u015f vermi\u015f at\u0131\u015fma n\u0259tic\u0259sind\u0259 9 n\u0259f\u0259rin \u00f6l\u00fcm\u00fc il\u0259 \u0259laq\u0259dar Serbiyaya ba\u015fsa\u011fl\u0131\u011f\u0131 verib.<\/strong><\/p><\/blockquote>\n<p><strong><a href=\"http:\/\/\u0130NFONEWS\">\u0130NFONEWS<\/a><\/strong>-un x\u0259b\u0259rin\u0259 g\u00f6r\u0259, bu bar\u0259d\u0259 qurumun tviterind\u0259 payla\u015f\u0131m edilib.<\/p>\n<p>&#8220;Serbiyan\u0131n Belqrad \u015f\u0259h\u0259rind\u0259 m\u0259kt\u0259bd\u0259 ba\u015f vermi\u015f d\u0259h\u015f\u0259tli at\u0131\u015fma x\u0259b\u0259ri bizi \u00e7ox k\u0259d\u0259rl\u0259ndirdi. H\u0259lak olanlar\u0131n ail\u0259l\u0259rin\u0259, Serbiya xalq\u0131na v\u0259 h\u00f6kum\u0259tin\u0259 d\u0259rin h\u00fcznl\u0259 ba\u015fsa\u011fl\u0131\u011f\u0131 veririk. B\u00fct\u00fcn yaral\u0131lara \u015f\u0259fa dil\u0259yirik&#8221;, &#8211; payla\u015f\u0131mda bildirilib.<\/p>\n<p>Qeyd ed\u0259k ki, may\u0131n 3-d\u0259 Serbiyan\u0131n paytaxt\u0131 Belqradda m\u0259kt\u0259bl\u0259rd\u0259n birin\u0259 silahl\u0131 h\u00fccum n\u0259tic\u0259sind\u0259 9 n\u0259f\u0259r \u00f6ld\u00fcr\u00fcl\u00fcb.<\/p>\n<p>&nbsp;<\/p>\n<p><em><strong>\u018fziz\u0259 \u018flizad\u0259<\/strong><\/em><\/p>\n<p><em><strong>\u00a9 Materiallardan istifad\u0259 ed\u0259rk\u0259n hiperlinkl\u0259 istinad olunmal\u0131d\u0131r<\/strong><\/em><\/p>\n<p><em><strong><a href=\"http:\/\/\u0130NFONEWS\">\u0130NFONEWS<\/a><\/strong><\/em><\/p>\n","protected":false},"excerpt":{"rendered":"<p>Az\u0259rbaycan X\u0130N Serbiyaya ba\u015fsa\u011fl\u0131\u011f\u0131 verib Az\u0259rbaycan Xarici \u0130\u015fl\u0259r Nazirliyi Belqradda m\u0259kt\u0259bl\u0259rd\u0259n birind\u0259 ba\u015f vermi\u015f at\u0131\u015fma n\u0259tic\u0259sind\u0259 9 n\u0259f\u0259rin \u00f6l\u00fcm\u00fc il\u0259 \u0259laq\u0259dar Serbiyaya ba\u015fsa\u011fl\u0131\u011f\u0131 verib. \u0130NFONEWS-un x\u0259b\u0259rin\u0259 g\u00f6r\u0259, bu bar\u0259d\u0259 qurumun&hellip; <\/p>\n","protected":false},"author":14,"featured_media":34705,"comment_status":"open","ping_status":"open","sticky":false,"template":"","format":"standard","meta":{"_mi_skip_tracking":false,"_monsterinsights_sitenote_active":false,"_monsterinsights_sitenote_note":"","_monsterinsights_sitenote_category":0,"footnotes":""},"categories":[330,10190],"tags":[6811,6193,5525,15,726,7372],"aioseo_notices":[],"_links":{"self":[{"href":"https:\/\/infonews.az\/index.php?rest_route=\/wp\/v2\/posts\/34704"}],"collection":[{"href":"https:\/\/infonews.az\/index.php?rest_route=\/wp\/v2\/posts"}],"about":[{"href":"https:\/\/infonews.az\/index.php?rest_route=\/wp\/v2\/types\/post"}],"author":[{"embeddable":true,"href":"https:\/\/infonews.az\/index.php?rest_route=\/wp\/v2\/users\/14"}],"replies":[{"embeddable":true,"href":"https:\/\/infonews.az\/index.php?rest_route=%2Fwp%2Fv2%2Fcomments&post=34704"}],"version-history":[{"count":1,"href":"https:\/\/infonews.az\/index.php?rest_route=\/wp\/v2\/posts\/34704\/revisions"}],"predecessor-version":[{"id":34706,"href":"https:\/\/infonews.az\/index.php?rest_route=\/wp\/v2\/posts\/34704\/revisions\/34706"}],"wp:featuredmedia":[{"embeddable":true,"href":"https:\/\/infonews.az\/index.php?rest_route=\/wp\/v2\/media\/34705"}],"wp:attachment":[{"href":"https:\/\/infonews.az\/index.php?rest_route=%2Fwp%2Fv2%2Fmedia&parent=34704"}],"wp:term":[{"taxonomy":"category","embeddable":true,"href":"https:\/\/infonews.az\/index.php?rest_route=%2Fwp%2Fv2%2Fcategories&post=34704"},{"taxonomy":"post_tag","embeddable":true,"href":"https:\/\/infonews.az\/index.php?rest_route=%2Fwp%2Fv2%2Ftags&post=34704"}],"curies":[{"name":"wp","href":"https:\/\/api.w.org\/{rel}","templated":true}]}}