{"id":34763,"date":"2023-05-06T21:24:40","date_gmt":"2023-05-06T17:24:40","guid":{"rendered":"https:\/\/infonews.az\/?p=34763"},"modified":"2023-05-06T21:24:40","modified_gmt":"2023-05-06T17:24:40","slug":"nato-erm%c9%99nistanla-az%c9%99rbaycan-arasinda-munasib%c9%99tl%c9%99rin-normallasdirilmasini-d%c9%99st%c9%99kl%c9%99yirik","status":"publish","type":"post","link":"https:\/\/infonews.az\/?p=34763","title":{"rendered":"NATO: &#8220;Erm\u0259nistanla Az\u0259rbaycan aras\u0131nda m\u00fcnasib\u0259tl\u0259rin normalla\u015fd\u0131r\u0131lmas\u0131n\u0131 d\u0259st\u0259kl\u0259yirik&#8221;"},"content":{"rendered":"<p><span style=\"color: #ffffff;\">NATO: &#8220;Erm\u0259nistanla Az\u0259rbaycan aras\u0131nda m\u00fcnasib\u0259tl\u0259rin normalla\u015fd\u0131r\u0131lmas\u0131n\u0131 d\u0259st\u0259kl\u0259yirik&#8221;<\/span><\/p>\n<blockquote><p><strong>&#8220;Erm\u0259nistanla Az\u0259rbaycan aras\u0131nda m\u00fcnasib\u0259tl\u0259rin normalla\u015fd\u0131r\u0131lmas\u0131n\u0131 d\u0259st\u0259kl\u0259yirik&#8221;.<\/strong><\/p><\/blockquote>\n<p><strong><a href=\"http:\/\/\u0130NFONEWS\">\u0130NFONEWS<\/a><\/strong>\u00a0x\u0259b\u0259r verir ki, bunu NATO Ba\u015f katibinin C\u0259nubi Qafqaz v\u0259 M\u0259rk\u0259zi Asiya \u00fczr\u0259 x\u00fcsusi n\u00fcmay\u0259nd\u0259si Xavyer Kolomina tviterd\u0259 yaz\u0131b<\/p>\n<p>O bildirib ki, Az\u0259rbaycan v\u0259 Erm\u0259nistan xarici i\u015fl\u0259r nazirl\u0259ri aras\u0131nda Va\u015finqtonda ke\u00e7iril\u0259n 4 g\u00fcnl\u00fck g\u00f6r\u00fc\u015fd\u0259n sonra davaml\u0131 s\u00fclh sazi\u015fi istiqam\u0259tind\u0259 n\u0259z\u0259r\u0259\u00e7arpacaq ir\u0259lil\u0259yi\u015f \u0259ld\u0259 edildiyini e\u015fitm\u0259k xo\u015f olub: &#8220;Dan\u0131\u015f\u0131qlar v\u0259 dialoq yegan\u0259 yoldur&#8221;.<\/p>\n<p>&nbsp;<\/p>\n<p><em><strong>\u018fziz\u0259 \u018flizad\u0259<\/strong><\/em><\/p>\n<p><em><strong>\u00a9 Materiallardan istifad\u0259 ed\u0259rk\u0259n hiperlinkl\u0259 istinad olunmal\u0131d\u0131r<\/strong><\/em><\/p>\n<p><em><strong><a href=\"http:\/\/\u0130NFONEWS\">\u0130NFONEWS<\/a><\/strong><\/em><\/p>\n<p>&nbsp;<\/p>\n","protected":false},"excerpt":{"rendered":"<p>NATO: &#8220;Erm\u0259nistanla Az\u0259rbaycan aras\u0131nda m\u00fcnasib\u0259tl\u0259rin normalla\u015fd\u0131r\u0131lmas\u0131n\u0131 d\u0259st\u0259kl\u0259yirik&#8221; &#8220;Erm\u0259nistanla Az\u0259rbaycan aras\u0131nda m\u00fcnasib\u0259tl\u0259rin normalla\u015fd\u0131r\u0131lmas\u0131n\u0131 d\u0259st\u0259kl\u0259yirik&#8221;. \u0130NFONEWS\u00a0x\u0259b\u0259r verir ki, bunu NATO Ba\u015f katibinin C\u0259nubi Qafqaz v\u0259 M\u0259rk\u0259zi Asiya \u00fczr\u0259 x\u00fcsusi n\u00fcmay\u0259nd\u0259si Xavyer Kolomina&hellip; <\/p>\n","protected":false},"author":14,"featured_media":34764,"comment_status":"open","ping_status":"open","sticky":false,"template":"","format":"standard","meta":{"_mi_skip_tracking":false,"_monsterinsights_sitenote_active":false,"_monsterinsights_sitenote_note":"","_monsterinsights_sitenote_category":0,"footnotes":""},"categories":[10171],"tags":[10700,7514,10950,13,70,15,674],"aioseo_notices":[],"_links":{"self":[{"href":"https:\/\/infonews.az\/index.php?rest_route=\/wp\/v2\/posts\/34763"}],"collection":[{"href":"https:\/\/infonews.az\/index.php?rest_route=\/wp\/v2\/posts"}],"about":[{"href":"https:\/\/infonews.az\/index.php?rest_route=\/wp\/v2\/types\/post"}],"author":[{"embeddable":true,"href":"https:\/\/infonews.az\/index.php?rest_route=\/wp\/v2\/users\/14"}],"replies":[{"embeddable":true,"href":"https:\/\/infonews.az\/index.php?rest_route=%2Fwp%2Fv2%2Fcomments&post=34763"}],"version-history":[{"count":1,"href":"https:\/\/infonews.az\/index.php?rest_route=\/wp\/v2\/posts\/34763\/revisions"}],"predecessor-version":[{"id":34765,"href":"https:\/\/infonews.az\/index.php?rest_route=\/wp\/v2\/posts\/34763\/revisions\/34765"}],"wp:featuredmedia":[{"embeddable":true,"href":"https:\/\/infonews.az\/index.php?rest_route=\/wp\/v2\/media\/34764"}],"wp:attachment":[{"href":"https:\/\/infonews.az\/index.php?rest_route=%2Fwp%2Fv2%2Fmedia&parent=34763"}],"wp:term":[{"taxonomy":"category","embeddable":true,"href":"https:\/\/infonews.az\/index.php?rest_route=%2Fwp%2Fv2%2Fcategories&post=34763"},{"taxonomy":"post_tag","embeddable":true,"href":"https:\/\/infonews.az\/index.php?rest_route=%2Fwp%2Fv2%2Ftags&post=34763"}],"curies":[{"name":"wp","href":"https:\/\/api.w.org\/{rel}","templated":true}]}}