{"id":34841,"date":"2023-05-10T14:55:34","date_gmt":"2023-05-10T10:55:34","guid":{"rendered":"https:\/\/infonews.az\/?p=34841"},"modified":"2023-05-10T14:55:34","modified_gmt":"2023-05-10T10:55:34","slug":"prezident-v%c9%99-mehriban-%c9%99liyeva-susada-bir-sira-t%c9%99dbirl%c9%99rd%c9%99-istirak-edibl%c9%99r","status":"publish","type":"post","link":"https:\/\/infonews.az\/?p=34841","title":{"rendered":"Prezident v\u0259 Mehriban \u018fliyeva \u015eu\u015fada bir s\u0131ra t\u0259dbirl\u0259rd\u0259 i\u015ftirak edibl\u0259r"},"content":{"rendered":"<p><span style=\"color: #ffffff;\">Prezident v\u0259 Mehriban \u018fliyeva \u015eu\u015fada bir s\u0131ra t\u0259dbirl\u0259rd\u0259 i\u015ftirak edibl\u0259r <\/span><\/p>\n<blockquote><p>Az\u0259rbaycan Respublikas\u0131n\u0131n Prezidenti \u0130lham \u018fliyev, birinci xan\u0131m Mehriban \u018fliyeva v\u0259 ail\u0259 \u00fczvl\u0259ri may\u0131n 10-da \u015eu\u015fa \u015f\u0259h\u0259rind\u0259 23 binadan ibar\u0259t ya\u015fay\u0131\u015f kompleksind\u0259 apar\u0131lan tikinti i\u015fl\u0259ri il\u0259 tan\u0131\u015f olub, 17 binadan ibar\u0259t 2-ci ya\u015fay\u0131\u015f kompleksinin t\u0259m\u0259lqoyma m\u0259rasimind\u0259, Heyd\u0259r \u018fliyev v\u0259 8 Noyabr k\u00fc\u00e7\u0259l\u0259rinin k\u0259si\u015fm\u0259sind\u0259 l\u00f6vh\u0259l\u0259rin, \u015eu\u015fa Otel-Konqres M\u0259rk\u0259zi Kompleksinin a\u00e7\u0131l\u0131\u015flar\u0131nda, Prezident \u0130lham \u018fliyevin tap\u015f\u0131r\u0131\u011f\u0131na \u0259sas\u0259n, \u015eu\u015fa \u015f\u0259h\u0259rind\u0259 d\u00f6vl\u0259t xidm\u0259tl\u0259ri m\u0259rk\u0259zinin yenid\u0259nqurma v\u0259 t\u0259mir i\u015fl\u0259rin\u0259 ba\u015flan\u0131lmas\u0131 il\u0259 ba\u011fl\u0131 t\u0259dbird\u0259 i\u015ftirak edibl\u0259r.<\/p><\/blockquote>\n<p><a href=\"https:\/\/infonews.az\/\"><span style=\"color: #ff0000;\"><strong>&#8220;\u0130NFONEWS&#8221;<\/strong> <\/span><\/a>x\u0259b\u0259r verir ki, d\u00f6vl\u0259timizin ba\u015f\u00e7\u0131s\u0131, birinci xan\u0131m v\u0259 ail\u0259 \u00fczvl\u0259ri \u015eu\u015fada Yarad\u0131c\u0131l\u0131q M\u0259rk\u0259zinin Heyd\u0259r \u018fliyev Fondu t\u0259r\u0259find\u0259n apar\u0131lan b\u0259rpa i\u015fl\u0259rind\u0259n sonra a\u00e7\u0131l\u0131\u015f\u0131nda i\u015ftirak edib, \u00dcmummilli Lider Heyd\u0259r \u018fliyevin 100 illik yubileyi \u00e7\u0259r\u00e7iv\u0259sind\u0259 burada t\u0259\u015fkil edil\u0259n \u201cHeyd\u0259r \u018fliyev v\u0259 Qaraba\u011f\u201d fotos\u0259rgisi v\u0259 G\u00fcl Festival\u0131 il\u0259 tan\u0131\u015f olublar.<\/p>\n<p>Sonra Az\u0259rbaycan Prezidenti, birinci xan\u0131m v\u0259 ail\u0259 \u00fczvl\u0259ri Xur\u015fidbanu Nat\u0259van, Z\u0259f\u0259r, Qaraba\u011f v\u0259 Xan \u015eu\u015finski k\u00fc\u00e7\u0259l\u0259rinin k\u0259si\u015fm\u0259sind\u0259 l\u00f6vh\u0259l\u0259rin a\u00e7\u0131l\u0131\u015flar\u0131nda i\u015ftirak edibl\u0259r.<\/p>\n<p>Prezident \u0130lham \u018fliyev, birinci xan\u0131m Mehriban \u018fliyeva v\u0259 ail\u0259 \u00fczvl\u0259ri \u015eu\u015fada Yuxar\u0131 G\u00f6vh\u0259r A\u011fa m\u0259scidinin yenid\u0259nqurma v\u0259 b\u0259rpa i\u015fl\u0259rind\u0259n sonra a\u00e7\u0131l\u0131\u015f\u0131nda, h\u0259m\u00e7inin m\u0259scidin \u0259razisind\u0259 yerl\u0259\u015f\u0259n m\u0259dr\u0259s\u0259 binas\u0131nda \u201cMir M\u00f6hs\u00fcn N\u0259vvab Qaraba\u011fi \u2013 XIX \u0259srin ensiklopedik alimi\u201d s\u0259rgisinin a\u00e7\u0131l\u0131\u015f\u0131nda i\u015ftirak edibl\u0259r.<\/p>\n<p>D\u00f6vl\u0259timizin ba\u015f\u00e7\u0131s\u0131, birinci xan\u0131m v\u0259 ail\u0259 \u00fczvl\u0259ri Heyd\u0259r \u018fliyev Fondu t\u0259r\u0259find\u0259n apar\u0131lan b\u0259rpa i\u015fl\u0259rind\u0259n sonra Saatl\u0131 m\u0259scidinin v\u0259 Milli Xal\u00e7a Muzeyinin \u015eu\u015fa filial\u0131n\u0131n a\u00e7\u0131l\u0131\u015flar\u0131nda i\u015ftirak edib, Muzeyd\u0259 s\u0259rgil\u0259n\u0259n eksponatlar v\u0259 s\u0259n\u0259t \u0259s\u0259rl\u0259ri il\u0259 tan\u0131\u015f olublar.<\/p>\n<p>Sonra Az\u0259rbaycan Prezidenti v\u0259 birinci xan\u0131m \u015eu\u015fada D\u0259mir Yumruq k\u00fc\u00e7\u0259sinin l\u00f6vh\u0259sinin a\u00e7\u0131l\u0131\u015f\u0131nda i\u015ftirak edibl\u0259r.<\/p>\n","protected":false},"excerpt":{"rendered":"<p>Prezident v\u0259 Mehriban \u018fliyeva \u015eu\u015fada bir s\u0131ra t\u0259dbirl\u0259rd\u0259 i\u015ftirak edibl\u0259r Az\u0259rbaycan Respublikas\u0131n\u0131n Prezidenti \u0130lham \u018fliyev, birinci xan\u0131m Mehriban \u018fliyeva v\u0259 ail\u0259 \u00fczvl\u0259ri may\u0131n 10-da \u015eu\u015fa \u015f\u0259h\u0259rind\u0259 23 binadan ibar\u0259t ya\u015fay\u0131\u015f&hellip; <\/p>\n","protected":false},"author":14,"featured_media":34842,"comment_status":"open","ping_status":"open","sticky":false,"template":"","format":"standard","meta":{"_mi_skip_tracking":false,"_monsterinsights_sitenote_active":false,"_monsterinsights_sitenote_note":"","_monsterinsights_sitenote_category":0,"footnotes":""},"categories":[4,6,11],"tags":[9966,1008,962,15,260],"aioseo_notices":[],"_links":{"self":[{"href":"https:\/\/infonews.az\/index.php?rest_route=\/wp\/v2\/posts\/34841"}],"collection":[{"href":"https:\/\/infonews.az\/index.php?rest_route=\/wp\/v2\/posts"}],"about":[{"href":"https:\/\/infonews.az\/index.php?rest_route=\/wp\/v2\/types\/post"}],"author":[{"embeddable":true,"href":"https:\/\/infonews.az\/index.php?rest_route=\/wp\/v2\/users\/14"}],"replies":[{"embeddable":true,"href":"https:\/\/infonews.az\/index.php?rest_route=%2Fwp%2Fv2%2Fcomments&post=34841"}],"version-history":[{"count":1,"href":"https:\/\/infonews.az\/index.php?rest_route=\/wp\/v2\/posts\/34841\/revisions"}],"predecessor-version":[{"id":34843,"href":"https:\/\/infonews.az\/index.php?rest_route=\/wp\/v2\/posts\/34841\/revisions\/34843"}],"wp:featuredmedia":[{"embeddable":true,"href":"https:\/\/infonews.az\/index.php?rest_route=\/wp\/v2\/media\/34842"}],"wp:attachment":[{"href":"https:\/\/infonews.az\/index.php?rest_route=%2Fwp%2Fv2%2Fmedia&parent=34841"}],"wp:term":[{"taxonomy":"category","embeddable":true,"href":"https:\/\/infonews.az\/index.php?rest_route=%2Fwp%2Fv2%2Fcategories&post=34841"},{"taxonomy":"post_tag","embeddable":true,"href":"https:\/\/infonews.az\/index.php?rest_route=%2Fwp%2Fv2%2Ftags&post=34841"}],"curies":[{"name":"wp","href":"https:\/\/api.w.org\/{rel}","templated":true}]}}