{"id":34844,"date":"2023-05-10T16:13:22","date_gmt":"2023-05-10T12:13:22","guid":{"rendered":"https:\/\/infonews.az\/?p=34844"},"modified":"2023-05-10T16:13:22","modified_gmt":"2023-05-10T12:13:22","slug":"bu-gec%c9%99-baki-metropoliteninin-is-vaxti-bir-saat-uzadilacaq","status":"publish","type":"post","link":"https:\/\/infonews.az\/?p=34844","title":{"rendered":"Bu gec\u0259 Bak\u0131 metropoliteninin i\u015f vaxt\u0131 bir saat uzad\u0131lacaq"},"content":{"rendered":"<p><span style=\"color: #ffffff;\">Bu gec\u0259 Bak\u0131 metropoliteninin i\u015f vaxt\u0131 bir saat uzad\u0131lacaq<\/span><\/p>\n<blockquote><p>G\u00fccl\u0259ndirilmi\u015f i\u015f rejimi \u015f\u0259raitind\u0259 \u00e7al\u0131\u015fan Bak\u0131 metropoliteninin i\u015f rejimind\u0259 d\u0259yi\u015fiklikl\u0259r edil\u0259c\u0259k. \u00dcmummilli Lider Heyd\u0259r \u018fliyevin anadan olmas\u0131n\u0131n 100-c\u00fc ild\u00f6n\u00fcm\u00fc m\u00fcnasib\u0259til\u0259 paytaxtda ke\u00e7iril\u0259n k\u00fctl\u0259vi m\u0259d\u0259ni t\u0259dbirl\u0259r n\u0259z\u0259r al\u0131naraq, bu gec\u0259 Bak\u0131 metropoliteninin i\u015f vaxt\u0131 bir saat uzad\u0131lacaq.<\/p><\/blockquote>\n<p><a href=\"https:\/\/infonews.az\/\"><span style=\"color: #333399;\"><strong>&#8220;\u0130NFONEWS&#8221;<\/strong><\/span><\/a> -un Metropolitend\u0259n \u0259ld\u0259 etdiyi m\u0259lumat\u0131na g\u00f6r\u0259, may\u0131n 11-n\u0259 ke\u00e7\u0259n gec\u0259 saat 1-\u0259 q\u0259d\u0259r metropolitenin b\u00fct\u00fcn stansiyalar\u0131 s\u0259rni\u015finl\u0259rin giri\u015fin\u0259 a\u00e7\u0131q olacaq. G\u00fccl\u0259ndirilmi\u015f i\u015f rejiminin v\u0259 ke\u00e7iril\u0259c\u0259k t\u0259dbirl\u0259rin x\u00fcsusiyy\u0259tl\u0259rin\u0259 uy\u011fun olaraq, ehtiyat qatarlar\u0131n x\u0259tt\u0259 burax\u0131lmas\u0131 qaydas\u0131 diqq\u0259td\u0259 saxlan\u0131lacaq. Z\u0259rur\u0259t yaranaca\u011f\u0131 t\u0259qdird\u0259 qatarlar x\u0259tt\u0259 veril\u0259c\u0259k. Ax\u015fam saatlar\u0131ndan ba\u015flayaraq \u015f\u0259h\u0259r m\u0259rk\u0259zi v\u0259 k\u00fctl\u0259vi t\u0259dbirl\u0259rin ke\u00e7iril\u0259c\u0259yi m\u0259kanlara yax\u0131n stansiyalarda n\u00f6vb\u0259t\u00e7ilik c\u0259dv\u0259li \u0259sas\u0131nda \u0259lav\u0259 i\u015f\u00e7i q\u00fcvv\u0259si c\u0259lb edil\u0259c\u0259k.<\/p>\n","protected":false},"excerpt":{"rendered":"<p>Bu gec\u0259 Bak\u0131 metropoliteninin i\u015f vaxt\u0131 bir saat uzad\u0131lacaq G\u00fccl\u0259ndirilmi\u015f i\u015f rejimi \u015f\u0259raitind\u0259 \u00e7al\u0131\u015fan Bak\u0131 metropoliteninin i\u015f rejimind\u0259 d\u0259yi\u015fiklikl\u0259r edil\u0259c\u0259k. \u00dcmummilli Lider Heyd\u0259r \u018fliyevin anadan olmas\u0131n\u0131n 100-c\u00fc ild\u00f6n\u00fcm\u00fc m\u00fcnasib\u0259til\u0259 paytaxtda&hellip; <\/p>\n","protected":false},"author":14,"featured_media":10221,"comment_status":"open","ping_status":"open","sticky":false,"template":"","format":"standard","meta":{"_mi_skip_tracking":false,"_monsterinsights_sitenote_active":false,"_monsterinsights_sitenote_note":"","_monsterinsights_sitenote_category":0,"footnotes":""},"categories":[4,533,11,4437],"tags":[9966,856,15],"aioseo_notices":[],"_links":{"self":[{"href":"https:\/\/infonews.az\/index.php?rest_route=\/wp\/v2\/posts\/34844"}],"collection":[{"href":"https:\/\/infonews.az\/index.php?rest_route=\/wp\/v2\/posts"}],"about":[{"href":"https:\/\/infonews.az\/index.php?rest_route=\/wp\/v2\/types\/post"}],"author":[{"embeddable":true,"href":"https:\/\/infonews.az\/index.php?rest_route=\/wp\/v2\/users\/14"}],"replies":[{"embeddable":true,"href":"https:\/\/infonews.az\/index.php?rest_route=%2Fwp%2Fv2%2Fcomments&post=34844"}],"version-history":[{"count":1,"href":"https:\/\/infonews.az\/index.php?rest_route=\/wp\/v2\/posts\/34844\/revisions"}],"predecessor-version":[{"id":34845,"href":"https:\/\/infonews.az\/index.php?rest_route=\/wp\/v2\/posts\/34844\/revisions\/34845"}],"wp:featuredmedia":[{"embeddable":true,"href":"https:\/\/infonews.az\/index.php?rest_route=\/wp\/v2\/media\/10221"}],"wp:attachment":[{"href":"https:\/\/infonews.az\/index.php?rest_route=%2Fwp%2Fv2%2Fmedia&parent=34844"}],"wp:term":[{"taxonomy":"category","embeddable":true,"href":"https:\/\/infonews.az\/index.php?rest_route=%2Fwp%2Fv2%2Fcategories&post=34844"},{"taxonomy":"post_tag","embeddable":true,"href":"https:\/\/infonews.az\/index.php?rest_route=%2Fwp%2Fv2%2Ftags&post=34844"}],"curies":[{"name":"wp","href":"https:\/\/api.w.org\/{rel}","templated":true}]}}