{"id":34935,"date":"2023-05-12T20:01:05","date_gmt":"2023-05-12T16:01:05","guid":{"rendered":"https:\/\/infonews.az\/?p=34935"},"modified":"2023-05-12T20:01:05","modified_gmt":"2023-05-12T16:01:05","slug":"israilin-kecmis-xarici-isl%c9%99r-naziri-prezident-ilham-%c9%99liyev%c9%99-m%c9%99ktub-unvanlayib","status":"publish","type":"post","link":"https:\/\/infonews.az\/?p=34935","title":{"rendered":"\u0130srailin ke\u00e7mi\u015f xarici i\u015fl\u0259r naziri Prezident \u0130lham \u018fliyev\u0259 m\u0259ktub \u00fcnvanlay\u0131b"},"content":{"rendered":"<p><span style=\"color: #ffffff;\">\u0130srailin ke\u00e7mi\u015f xarici i\u015fl\u0259r naziri Prezident \u0130lham \u018fliyev\u0259 m\u0259ktub \u00fcnvanlay\u0131b<\/span><\/p>\n<blockquote><p><strong>2006-2009-cu ill\u0259rd\u0259 \u0130srailin xarici i\u015fl\u0259r naziri, Nizami G\u0259nc\u0259vi Beyn\u0259lxalq M\u0259rk\u0259zinin Q\u0259yyumlar \u015euras\u0131n\u0131n \u00fczv\u00fc Tzipi Livni Az\u0259rbaycan Respublikas\u0131n\u0131n Prezidenti \u0130lham \u018fliyev\u0259 m\u0259ktub \u00fcnvanlay\u0131b.<\/strong><\/p><\/blockquote>\n<p><strong><a href=\"http:\/\/\u0130NFONEWS\">\u0130NFONEWS<\/a><\/strong>\u00a0x\u0259b\u0259r verir ki, m\u0259ktubda deyilir:<\/p>\n<p>\u201cH\u00f6rm\u0259tli c\u0259nab Prezident \u0130lham \u018fliyev!<\/p>\n<p>\u00d6lk\u0259l\u0259r aras\u0131nda m\u00fcnasib\u0259tl\u0259rin xarakterinin m\u00fc\u0259yy\u0259n olunmas\u0131nda liderl\u0259rin rolu \u00e7ox b\u00f6y\u00fckd\u00fcr. Az\u0259rbaycan\u0131n m\u0259rhum Prezidenti Heyd\u0259r \u018fliyevin 100 illik yubileyinin qeyd edildiyi bu g\u00fcnl\u0259r onun irsini v\u0259 Az\u0259rbaycandak\u0131 y\u0259hudi icmas\u0131na t\u00f6hf\u0259sini, h\u0259m\u00e7inin Az\u0259rbaycan v\u0259 \u0130srail aras\u0131nda m\u00fcnasib\u0259tl\u0259rin \u0259sas\u0131n\u0131 qoyan ilk add\u0131mlar\u0131n\u0131 xat\u0131rlamaq \u00fc\u00e7\u00fcn g\u00f6z\u0259l f\u00fcrs\u0259tdir.<\/p>\n<p>Zati-alil\u0259ri, Siz bu g\u00fcn atan\u0131z\u0131n yolunu v\u0259 siyasi kursunu layiqinc\u0259 davam etdirirsiniz. Biz bu yubiley ilini r\u0259mzi olaraq \u0130sraild\u0259 Az\u0259rbaycan s\u0259firliyinin a\u00e7\u0131lmas\u0131 ili kimi qeyd edirik.<\/p>\n<p>M\u0259rhum Prezident Heyd\u0259r \u018fliyevin xatir\u0259sin\u0259 v\u0259 Zati-alinizin siyas\u0259tin\u0259 \u0130sraild\u0259 b\u00f6y\u00fck ehtiram b\u0259sl\u0259nilir\u201d.<\/p>\n<p>&nbsp;<\/p>\n<p><em><strong>\u018fziz\u0259 \u018flizad\u0259<\/strong><\/em><\/p>\n<p><em><strong>\u00a9 Materiallardan istifad\u0259 ed\u0259rk\u0259n hiperlinkl\u0259 istinad olunmal\u0131d\u0131r<\/strong><\/em><\/p>\n<p><em><strong><a href=\"http:\/\/\u0130NFONEWS\">\u0130NFONEWS<\/a><\/strong><\/em><\/p>\n","protected":false},"excerpt":{"rendered":"<p>\u0130srailin ke\u00e7mi\u015f xarici i\u015fl\u0259r naziri Prezident \u0130lham \u018fliyev\u0259 m\u0259ktub \u00fcnvanlay\u0131b 2006-2009-cu ill\u0259rd\u0259 \u0130srailin xarici i\u015fl\u0259r naziri, Nizami G\u0259nc\u0259vi Beyn\u0259lxalq M\u0259rk\u0259zinin Q\u0259yyumlar \u015euras\u0131n\u0131n \u00fczv\u00fc Tzipi Livni Az\u0259rbaycan Respublikas\u0131n\u0131n Prezidenti \u0130lham \u018fliyev\u0259&hellip; <\/p>\n","protected":false},"author":14,"featured_media":34936,"comment_status":"open","ping_status":"open","sticky":false,"template":"","format":"standard","meta":{"_mi_skip_tracking":false,"_monsterinsights_sitenote_active":false,"_monsterinsights_sitenote_note":"","_monsterinsights_sitenote_category":0,"footnotes":""},"categories":[11,10171],"tags":[11024,20,15,183,6464,1490],"aioseo_notices":[],"_links":{"self":[{"href":"https:\/\/infonews.az\/index.php?rest_route=\/wp\/v2\/posts\/34935"}],"collection":[{"href":"https:\/\/infonews.az\/index.php?rest_route=\/wp\/v2\/posts"}],"about":[{"href":"https:\/\/infonews.az\/index.php?rest_route=\/wp\/v2\/types\/post"}],"author":[{"embeddable":true,"href":"https:\/\/infonews.az\/index.php?rest_route=\/wp\/v2\/users\/14"}],"replies":[{"embeddable":true,"href":"https:\/\/infonews.az\/index.php?rest_route=%2Fwp%2Fv2%2Fcomments&post=34935"}],"version-history":[{"count":1,"href":"https:\/\/infonews.az\/index.php?rest_route=\/wp\/v2\/posts\/34935\/revisions"}],"predecessor-version":[{"id":34937,"href":"https:\/\/infonews.az\/index.php?rest_route=\/wp\/v2\/posts\/34935\/revisions\/34937"}],"wp:featuredmedia":[{"embeddable":true,"href":"https:\/\/infonews.az\/index.php?rest_route=\/wp\/v2\/media\/34936"}],"wp:attachment":[{"href":"https:\/\/infonews.az\/index.php?rest_route=%2Fwp%2Fv2%2Fmedia&parent=34935"}],"wp:term":[{"taxonomy":"category","embeddable":true,"href":"https:\/\/infonews.az\/index.php?rest_route=%2Fwp%2Fv2%2Fcategories&post=34935"},{"taxonomy":"post_tag","embeddable":true,"href":"https:\/\/infonews.az\/index.php?rest_route=%2Fwp%2Fv2%2Ftags&post=34935"}],"curies":[{"name":"wp","href":"https:\/\/api.w.org\/{rel}","templated":true}]}}