{"id":35204,"date":"2023-05-29T05:21:18","date_gmt":"2023-05-29T01:21:18","guid":{"rendered":"https:\/\/infonews.az\/?p=35204"},"modified":"2023-05-29T13:32:45","modified_gmt":"2023-05-29T09:32:45","slug":"%c9%99rdogana-ilk-t%c9%99brik-az%c9%99rbaycan-prezidenti-ilham-%c9%99liyevd%c9%99n-g%c9%99ldi","status":"publish","type":"post","link":"https:\/\/infonews.az\/?p=35204","title":{"rendered":"\u018frdo\u011fana ilk t\u0259brik Az\u0259rbaycan Prezidenti \u0130lham \u018fliyevd\u0259n g\u0259ldi"},"content":{"rendered":"<p><span style=\"color: #ffffff;\">\u018frdo\u011fana ilk t\u0259brik Az\u0259rbaycan Prezidenti \u0130lham \u018fliyevd\u0259n g\u0259ldi <\/span><\/p>\n<blockquote><p><strong>T\u00fcrkiy\u0259d\u0259 ke\u00e7iril\u0259n ikinci tur prezident se\u00e7kil\u0259rind\u0259 se\u00e7ki qutular\u0131n\u0131n a\u00e7\u0131lmas\u0131 davam ed\u0259rk\u0259n Prezident R\u0259c\u0259b Tayyib \u018frdo\u011fan\u0131 ilk t\u0259brik ed\u0259n lider Az\u0259rbaycan Prezidenti \u0130lham \u018fliyev olub.<\/strong><\/p><\/blockquote>\n<p><a href=\"https:\/\/infonews.az\/\"><span style=\"color: #333399;\"><strong>&#8220;\u0130NFONEWS&#8221;<\/strong><\/span><\/a> bu bar\u0259d\u0259 T\u00fcrkiy\u0259 medias\u0131na istinad\u0259n x\u0259b\u0259r verir.<\/p>\n<p>T\u00fcrkiy\u0259 medias\u0131 prezident \u0130. \u018fliyevin t\u0259brikini \u201c\u018frdo\u011fan\u0131n z\u0259f\u0259rin\u0259 ilk t\u0259brik qarda\u015f Az\u0259rbaycandan g\u0259ldi\u201d ba\u015fl\u0131\u011f\u0131 il\u0259 yay\u0131mlay\u0131b<\/p>\n<p>Qeyd olunub ki, Az\u0259rbaycan Respublikas\u0131n\u0131n Prezidenti \u0130lham \u018fliyev Prezident R\u0259c\u0259b Tayyib \u018frdo\u011fana telefonla z\u0259ng ed\u0259r\u0259k onu prezident se\u00e7kil\u0259rind\u0259 q\u0259l\u0259b\u0259si m\u00fcnasib\u0259til\u0259 t\u0259brik edib.<\/p>\n<p>\u0130. \u018fliyev bu q\u0259l\u0259b\u0259ni T\u00fcrkiy\u0259 xalq\u0131n\u0131n R\u0259c\u0259b Tayyib \u018frdo\u011fan\u0131n h\u0259yata ke\u00e7irdiyi siyas\u0259t\u0259 inam\u0131 kimi qiym\u0259tl\u0259ndirib v\u0259 onun r\u0259hb\u0259rliyi il\u0259 T\u00fcrkiy\u0259nin h\u0259rt\u0259r\u0259fli inki\u015faf\u0131n\u0131n n\u00f6vb\u0259ti ill\u0259rd\u0259 d\u0259 davam ed\u0259c\u0259yin\u0259 \u0259min oldu\u011funu bildirib.<\/p>\n","protected":false},"excerpt":{"rendered":"<p>\u018frdo\u011fana ilk t\u0259brik Az\u0259rbaycan Prezidenti \u0130lham \u018fliyevd\u0259n g\u0259ldi T\u00fcrkiy\u0259d\u0259 ke\u00e7iril\u0259n ikinci tur prezident se\u00e7kil\u0259rind\u0259 se\u00e7ki qutular\u0131n\u0131n a\u00e7\u0131lmas\u0131 davam ed\u0259rk\u0259n Prezident R\u0259c\u0259b Tayyib \u018frdo\u011fan\u0131 ilk t\u0259brik ed\u0259n lider Az\u0259rbaycan Prezidenti \u0130lham&hellip; <\/p>\n","protected":false},"author":14,"featured_media":35205,"comment_status":"open","ping_status":"open","sticky":false,"template":"","format":"standard","meta":{"_mi_skip_tracking":false,"_monsterinsights_sitenote_active":false,"_monsterinsights_sitenote_note":"","_monsterinsights_sitenote_category":0,"footnotes":""},"categories":[4,6,11],"tags":[1008,15,7324],"aioseo_notices":[],"_links":{"self":[{"href":"https:\/\/infonews.az\/index.php?rest_route=\/wp\/v2\/posts\/35204"}],"collection":[{"href":"https:\/\/infonews.az\/index.php?rest_route=\/wp\/v2\/posts"}],"about":[{"href":"https:\/\/infonews.az\/index.php?rest_route=\/wp\/v2\/types\/post"}],"author":[{"embeddable":true,"href":"https:\/\/infonews.az\/index.php?rest_route=\/wp\/v2\/users\/14"}],"replies":[{"embeddable":true,"href":"https:\/\/infonews.az\/index.php?rest_route=%2Fwp%2Fv2%2Fcomments&post=35204"}],"version-history":[{"count":1,"href":"https:\/\/infonews.az\/index.php?rest_route=\/wp\/v2\/posts\/35204\/revisions"}],"predecessor-version":[{"id":35206,"href":"https:\/\/infonews.az\/index.php?rest_route=\/wp\/v2\/posts\/35204\/revisions\/35206"}],"wp:featuredmedia":[{"embeddable":true,"href":"https:\/\/infonews.az\/index.php?rest_route=\/wp\/v2\/media\/35205"}],"wp:attachment":[{"href":"https:\/\/infonews.az\/index.php?rest_route=%2Fwp%2Fv2%2Fmedia&parent=35204"}],"wp:term":[{"taxonomy":"category","embeddable":true,"href":"https:\/\/infonews.az\/index.php?rest_route=%2Fwp%2Fv2%2Fcategories&post=35204"},{"taxonomy":"post_tag","embeddable":true,"href":"https:\/\/infonews.az\/index.php?rest_route=%2Fwp%2Fv2%2Ftags&post=35204"}],"curies":[{"name":"wp","href":"https:\/\/api.w.org\/{rel}","templated":true}]}}