{"id":35228,"date":"2023-06-01T15:46:35","date_gmt":"2023-06-01T11:46:35","guid":{"rendered":"https:\/\/infonews.az\/?p=35228"},"modified":"2023-06-01T16:51:04","modified_gmt":"2023-06-01T12:51:04","slug":"susada-beyn%c9%99lxalq-usaq-r%c9%99qs-festivali-kecirilib","status":"publish","type":"post","link":"https:\/\/infonews.az\/?p=35228","title":{"rendered":"\u015eu\u015fada beyn\u0259lxalq u\u015faq r\u0259qs festival\u0131 ke\u00e7irilib"},"content":{"rendered":"<p class=\"content-title\"><span style=\"color: #ffffff;\">\u015eu\u015fada beyn\u0259lxalq u\u015faq r\u0259qs festival\u0131 ke\u00e7irilib<\/span><\/p>\n<blockquote><p>\u015eu\u015fada \u201cHeyd\u0259r \u018fliyev \u2013 T\u00fcrk d\u00fcnyas\u0131 birliyinin b\u00f6y\u00fck car\u00e7\u0131s\u0131\u201d adl\u0131 beyn\u0259lxalq u\u015faq r\u0259qs festival\u0131 ke\u00e7irilib.<\/p><\/blockquote>\n<p><a href=\"https:\/\/infonews.az\/\"><span style=\"color: #333399;\"><strong>&#8220;\u0130NFONEWS&#8221;<\/strong><\/span><\/a> &#8211; un Elm v\u0259 T\u0259hsil Nazirliyind\u0259n \u0259ld\u0259 etdiyi m\u0259lumat\u0131na g\u00f6r\u0259, T\u00fcrkdilli d\u00f6vl\u0259tl\u0259rin u\u015faq r\u0259qs qruplar\u0131 aras\u0131nda ke\u00e7iril\u0259n festival nazirliyin t\u0259\u015fkilat\u00e7\u0131l\u0131\u011f\u0131 il\u0259 realla\u015f\u0131b.<\/p>\n<p>Festivalda Az\u0259rbaycan Respublikas\u0131 Prezidenti Administrasiyas\u0131n\u0131n Humanitar siyas\u0259t, diaspor, multikulturalizm v\u0259 dini m\u0259s\u0259l\u0259l\u0259r \u015f\u00f6b\u0259sinin m\u00fcdiri F\u0259r\u0259h \u018fliyeva, Ba\u015f nazirin m\u00fcavini \u018fli \u018fhm\u0259dov, elm v\u0259 t\u0259hsil naziri Emin \u018fmrullayev, m\u0259d\u0259niyy\u0259t naziri Adil K\u0259rimli, g\u0259ncl\u0259r v\u0259 idman nazirinin m\u00fcavini \u0130ndira Hac\u0131yeva, Ail\u0259, Qad\u0131n v\u0259 U\u015faq Probleml\u0259ri \u00fczr\u0259 D\u00f6vl\u0259t Komit\u0259sinin s\u0259dr m\u00fcavini S\u0259daq\u0259t Q\u0259hr\u0259manova, Milli M\u0259clisin Elm v\u0259 t\u0259hsil komit\u0259sinin s\u0259dri B\u0259xtiyar \u018fliyev, tan\u0131nm\u0131\u015f m\u0259d\u0259niyy\u0259t v\u0259 inc\u0259s\u0259n\u0259t xadiml\u0259ri, \u015f\u0259hid \u00f6vladlar\u0131 v\u0259 dig\u0259r qonaqlar i\u015ftirak edibl\u0259r.<\/p>\n<p>Festivalda T\u00fcrkiy\u0259, Qazax\u0131stan, Q\u0131r\u011f\u0131z\u0131stan, \u00d6zb\u0259kistan v\u0259 Az\u0259rbaycandan olan 150-y\u0259 yax\u0131n m\u0259kt\u0259bli t\u0259r\u0259find\u0259n m\u00fcxt\u0259lif r\u0259qs n\u00f6mr\u0259l\u0259ri n\u00fcmayi\u015f etdirilib.<\/p>\n<p>Qeyd ed\u0259k ki, beyn\u0259lxalq r\u0259qs festival\u0131n\u0131n t\u0259\u015fkilind\u0259 m\u0259qs\u0259d u\u015faq v\u0259 g\u0259ncl\u0259ri d\u00fcnya\u015f\u00f6hr\u0259tli siyas\u0259t\u00e7i Heyd\u0259r \u018fliyevin T\u00fcrk d\u00fcnyas\u0131 il\u0259 ba\u011fl\u0131 g\u00f6rd\u00fcy\u00fc i\u015fl\u0259r haqq\u0131nda m\u0259lumatland\u0131rmaq, t\u00fcrkdilli d\u00f6vl\u0259tl\u0259rin g\u0259nc n\u0259slin\u0259 \u00f6lk\u0259mizi tan\u0131tmaq, u\u015faqlar\u0131 bir-biril\u0259rinin milli ad\u0259t-\u0259n\u0259n\u0259l\u0259ri il\u0259 tan\u0131\u015f etm\u0259k, onlara \u00f6z \u00f6lk\u0259l\u0259rinin tarix v\u0259 m\u0259d\u0259niyy\u0259tini layiqinc\u0259 t\u0259msil etm\u0259k \u00fc\u00e7\u00fcn \u015f\u0259rait yaratmaq, el\u0259c\u0259 d\u0259 \u015eu\u015fa \u015f\u0259h\u0259rinin f\u00fcsunkar g\u00f6z\u0259lliyini i\u015ftirak\u00e7\u0131lara tan\u0131tmaqdan ibar\u0259tdir.<\/p>\n","protected":false},"excerpt":{"rendered":"<p>\u015eu\u015fada beyn\u0259lxalq u\u015faq r\u0259qs festival\u0131 ke\u00e7irilib \u015eu\u015fada \u201cHeyd\u0259r \u018fliyev \u2013 T\u00fcrk d\u00fcnyas\u0131 birliyinin b\u00f6y\u00fck car\u00e7\u0131s\u0131\u201d adl\u0131 beyn\u0259lxalq u\u015faq r\u0259qs festival\u0131 ke\u00e7irilib. &#8220;\u0130NFONEWS&#8221; &#8211; un Elm v\u0259 T\u0259hsil Nazirliyind\u0259n \u0259ld\u0259 etdiyi&hellip; <\/p>\n","protected":false},"author":14,"featured_media":35229,"comment_status":"open","ping_status":"open","sticky":false,"template":"","format":"standard","meta":{"_mi_skip_tracking":false,"_monsterinsights_sitenote_active":false,"_monsterinsights_sitenote_note":"","_monsterinsights_sitenote_category":0,"footnotes":""},"categories":[10,11,3],"tags":[9260,11154,15,260],"aioseo_notices":[],"_links":{"self":[{"href":"https:\/\/infonews.az\/index.php?rest_route=\/wp\/v2\/posts\/35228"}],"collection":[{"href":"https:\/\/infonews.az\/index.php?rest_route=\/wp\/v2\/posts"}],"about":[{"href":"https:\/\/infonews.az\/index.php?rest_route=\/wp\/v2\/types\/post"}],"author":[{"embeddable":true,"href":"https:\/\/infonews.az\/index.php?rest_route=\/wp\/v2\/users\/14"}],"replies":[{"embeddable":true,"href":"https:\/\/infonews.az\/index.php?rest_route=%2Fwp%2Fv2%2Fcomments&post=35228"}],"version-history":[{"count":1,"href":"https:\/\/infonews.az\/index.php?rest_route=\/wp\/v2\/posts\/35228\/revisions"}],"predecessor-version":[{"id":35230,"href":"https:\/\/infonews.az\/index.php?rest_route=\/wp\/v2\/posts\/35228\/revisions\/35230"}],"wp:featuredmedia":[{"embeddable":true,"href":"https:\/\/infonews.az\/index.php?rest_route=\/wp\/v2\/media\/35229"}],"wp:attachment":[{"href":"https:\/\/infonews.az\/index.php?rest_route=%2Fwp%2Fv2%2Fmedia&parent=35228"}],"wp:term":[{"taxonomy":"category","embeddable":true,"href":"https:\/\/infonews.az\/index.php?rest_route=%2Fwp%2Fv2%2Fcategories&post=35228"},{"taxonomy":"post_tag","embeddable":true,"href":"https:\/\/infonews.az\/index.php?rest_route=%2Fwp%2Fv2%2Ftags&post=35228"}],"curies":[{"name":"wp","href":"https:\/\/api.w.org\/{rel}","templated":true}]}}