{"id":35273,"date":"2023-06-03T11:44:28","date_gmt":"2023-06-03T07:44:28","guid":{"rendered":"https:\/\/infonews.az\/?p=35273"},"modified":"2023-06-03T11:44:28","modified_gmt":"2023-06-03T07:44:28","slug":"q%c9%99rbi-az%c9%99rbaycan-h%c9%99qiq%c9%99tl%c9%99rinin-dunya-ictimaiyy%c9%99tin%c9%99-catdirilmasi-gorus","status":"publish","type":"post","link":"https:\/\/infonews.az\/?p=35273","title":{"rendered":"\u201cQ\u0259rbi Az\u0259rbaycan h\u0259qiq\u0259tl\u0259rinin d\u00fcnya ictimaiyy\u0259tin\u0259 \u00e7atd\u0131r\u0131lmas\u0131\u201d- G\u00d6R\u00dc\u015e"},"content":{"rendered":"<p><span style=\"color: #ffffff;\">\u201cQ\u0259rbi Az\u0259rbaycan h\u0259qiq\u0259tl\u0259rinin d\u00fcnya ictimaiyy\u0259tin\u0259 \u00e7atd\u0131r\u0131lmas\u0131\u201d- G\u00d6R\u00dc\u015e<\/span><\/p>\n<blockquote><p>Q\u0259rbi Az\u0259rbaycan \u0130cmas\u0131nda \u201cQ\u0259rbi Az\u0259rbaycan h\u0259qiq\u0259tl\u0259rinin d\u00fcnya ictimaiyy\u0259tin\u0259 \u00e7atd\u0131r\u0131lmas\u0131\u201d m\u00f6vzusunda \u0130cman\u0131n G\u0259ncl\u0259r Birliyinin ASAN k\u00f6n\u00fcll\u00fcl\u0259ri il\u0259 g\u00f6r\u00fc\u015f\u00fc ke\u00e7irilib.<\/p><\/blockquote>\n<p><a href=\"https:\/\/infonews.az\/\"><span style=\"color: #333399;\"><strong>&#8220;\u0130NFONEWS&#8221;<\/strong><\/span><\/a> &#8211; un \u0130cman\u0131n m\u0259tbuat xidm\u0259tind\u0259n \u0259ld\u0259 etdiyi m\u0259lumat\u0131na g\u00f6r\u0259, Q\u0259rbi Az\u0259rbaycan \u0130cmas\u0131n\u0131n s\u0259dri, Milli M\u0259clisin deputat\u0131 \u018fziz \u018fl\u0259kb\u0259rli t\u0259dbiri giri\u015f s\u00f6z\u00fc il\u0259 a\u00e7araq \u0130cma haqq\u0131nda, t\u0259\u015fkilat\u0131n m\u0259qs\u0259di, h\u0259d\u0259f v\u0259 v\u0259zif\u0259l\u0259ri bar\u0259d\u0259 m\u0259lumat verib, 2022-ci il dekabr\u0131n 24-d\u0259 Prezident \u0130lham \u018fliyevin Q\u0259rbi Az\u0259rbaycan \u0130cmas\u0131n\u0131n bir qrup ziyal\u0131lar\u0131 il\u0259 g\u00f6r\u00fc\u015fd\u0259 s\u0259sl\u0259ndirdiyi fikirl\u0259rin \u0130cman\u0131n yol x\u0259rit\u0259sin\u0259 \u00e7evrildiyini bildirib.<\/p>\n<p>Qay\u0131d\u0131\u015f Konsepsiyas\u0131 bar\u0259d\u0259 dan\u0131\u015fan \u018f.\u018fl\u0259kb\u0259rli vur\u011fulay\u0131b ki, soyda\u015flar\u0131m\u0131z\u0131n \u00f6z do\u011fma torpaqlar\u0131na qay\u0131d\u0131\u015f\u0131n\u0131n t\u0259hl\u00fck\u0259siz v\u0259 l\u0259yaq\u0259tli \u015f\u0259kild\u0259 t\u0259min edilm\u0259si \u0259sas \u015f\u0259rtdir.<\/p>\n<p>Sonra Q\u0259rbi Az\u0259rbaycan \u0130cmas\u0131 G\u0259ncl\u0259r Birliyinin s\u0259dri, Milli M\u0259clisin deputat\u0131 Ramin M\u0259mm\u0259dov \u00e7\u0131x\u0131\u015f ed\u0259r\u0259k, Q\u0259rbi Az\u0259rbaycan h\u0259qiq\u0259tl\u0259rinin beyn\u0259lxalq al\u0259m\u0259 \u00e7atd\u0131r\u0131lmas\u0131nda g\u0259ncl\u0259rin rolunun \u00f6n\u0259mli oldu\u011funu, \u00e7\u0131x\u0131\u015f etdikl\u0259ri b\u00fct\u00fcn platformalarda bu bar\u0259d\u0259 m\u0259lumat verm\u0259l\u0259rinin vacibliyini vur\u011fulay\u0131b. Ramin M\u0259mm\u0259dov beyn\u0259lxalq t\u0259\u015fkilatlar\u0131n Q\u0259rbi Az\u0259rbaycan \u0130cmas\u0131n\u0131n m\u00fcraci\u0259tl\u0259rin\u0259 verdiyi cavablar\u0131, \u0130cman\u0131n m\u00fcraci\u0259tl\u0259ri v\u0259 Qay\u0131d\u0131\u015f Konsepsiyas\u0131n\u0131n d\u00f6rd d\u0259f\u0259 BMT s\u0259n\u0259di kimi yay\u0131lmas\u0131n\u0131 x\u00fcsusi qeyd edib.<\/p>\n<p>\u0130cman\u0131n G\u0259ncl\u0259r Birliyi s\u0259drinin m\u00fcavini, Milli M\u0259clisin deputat\u0131 Kamal C\u0259f\u0259rov t\u0259qdimatla \u00e7\u0131x\u0131\u015f ed\u0259r\u0259k, Q\u0259rbi Az\u0259rbaycandan deportasiya olunan soyda\u015flar\u0131m\u0131z\u0131n pozulan h\u00fcquqlar\u0131ndan, onlar\u0131n geri qay\u0131d\u0131\u015f\u0131 il\u0259 ba\u011fl\u0131 Qay\u0131d\u0131\u015f Konsepsiyas\u0131nda c\u0131z\u0131lan konturlardan dan\u0131\u015f\u0131b. Bildirilib ki, Q\u0259rbi Az\u0259rbaycanl\u0131lar\u0131n geri qay\u0131d\u0131\u015f h\u00fcququ beyn\u0259lxalq h\u00fcquqla ba\u011fl\u0131 b\u00fct\u00fcn s\u0259n\u0259dl\u0259rd\u0259 \u00f6z \u0259ksini tapan prinsipl\u0259r\u0259 s\u00f6yk\u0259nir v\u0259 bu qay\u0131d\u0131\u015f b\u00f6lg\u0259d\u0259 s\u00fclh\u00fcn dayan\u0131ql\u0131 olmas\u0131na m\u00fch\u00fcm t\u00f6hf\u0259sini vermi\u015f olar.<\/p>\n<p>&#8220;ASAN K\u00f6n\u00fcll\u00fcl\u0259ri&#8221; T\u0259\u015fkilat\u0131n\u0131n s\u0259dri Emiliya Bayramova bildirib ki, Q\u0259rbi Az\u0259rbaycan \u00fcmummilli m\u0259s\u0259l\u0259dir v\u0259 bu g\u00fcn g\u0259ncl\u0259rimizin bu istiqam\u0259td\u0259 olan mara\u011f\u0131 b\u00f6y\u00fckd\u00fcr. Vur\u011fulan\u0131b ki, g\u0259ncl\u0259r soyda\u015flar\u0131m\u0131z\u0131n \u00f6z torpaqlar\u0131na geri qay\u0131d\u0131\u015f\u0131, onlar\u0131n tapdanan h\u00fcquqlar\u0131n\u0131n b\u0259rpas\u0131 prosessind\u0259 f\u0259al rol oynama\u011f\u0131 \u00f6z m\u0259n\u0259vi borcu bilir v\u0259 buna can at\u0131rlar.<\/p>\n<p>G\u00f6r\u00fc\u015fd\u0259 ASAN k\u00f6n\u00fcll\u00fcl\u0259ri S\u0259bin\u0259 H\u00fcseynova, Nuray Aslanova, K\u00f6n\u00fcl M\u0259likova, G\u00fclsar\u0259 Ba\u011f\u0131rova, S\u0259ma Ta\u011f\u0131zad\u0259, Ayt\u0259n \u018fl\u0259kb\u0259rli v\u0259 Aysu R\u0259sulovan\u0131n \u0130cma r\u0259smil\u0259rin\u0259 \u00fcnvanlad\u0131qlar\u0131 suallar cavabland\u0131r\u0131l\u0131b, \u0259trafl\u0131 fikir m\u00fcbadil\u0259si apar\u0131l\u0131b.<\/p>\n<p><img loading=\"lazy\" decoding=\"async\" class=\"aligncenter wp-image-35275 size-medium\" src=\"https:\/\/infonews.az\/wp-content\/uploads\/2023\/06\/16857747782450411508_1000x669-300x200.jpeg\" alt=\"\" width=\"300\" height=\"200\" srcset=\"https:\/\/infonews.az\/wp-content\/uploads\/2023\/06\/16857747782450411508_1000x669-300x200.jpeg 300w, https:\/\/infonews.az\/wp-content\/uploads\/2023\/06\/16857747782450411508_1000x669-768x511.jpeg 768w, https:\/\/infonews.az\/wp-content\/uploads\/2023\/06\/16857747782450411508_1000x669.jpeg 1000w\" sizes=\"(max-width: 300px) 100vw, 300px\" \/><\/p>\n<p><img loading=\"lazy\" decoding=\"async\" class=\"aligncenter wp-image-35276 size-medium\" src=\"https:\/\/infonews.az\/wp-content\/uploads\/2023\/06\/16857747791635643324_1000x669-300x200.jpeg\" alt=\"\" width=\"300\" height=\"200\" srcset=\"https:\/\/infonews.az\/wp-content\/uploads\/2023\/06\/16857747791635643324_1000x669-300x200.jpeg 300w, https:\/\/infonews.az\/wp-content\/uploads\/2023\/06\/16857747791635643324_1000x669-768x511.jpeg 768w, https:\/\/infonews.az\/wp-content\/uploads\/2023\/06\/16857747791635643324_1000x669.jpeg 1000w\" sizes=\"(max-width: 300px) 100vw, 300px\" \/><\/p>\n","protected":false},"excerpt":{"rendered":"<p>\u201cQ\u0259rbi Az\u0259rbaycan h\u0259qiq\u0259tl\u0259rinin d\u00fcnya ictimaiyy\u0259tin\u0259 \u00e7atd\u0131r\u0131lmas\u0131\u201d- G\u00d6R\u00dc\u015e Q\u0259rbi Az\u0259rbaycan \u0130cmas\u0131nda \u201cQ\u0259rbi Az\u0259rbaycan h\u0259qiq\u0259tl\u0259rinin d\u00fcnya ictimaiyy\u0259tin\u0259 \u00e7atd\u0131r\u0131lmas\u0131\u201d m\u00f6vzusunda \u0130cman\u0131n G\u0259ncl\u0259r Birliyinin ASAN k\u00f6n\u00fcll\u00fcl\u0259ri il\u0259 g\u00f6r\u00fc\u015f\u00fc ke\u00e7irilib. &#8220;\u0130NFONEWS&#8221; &#8211; un \u0130cman\u0131n m\u0259tbuat&hellip; <\/p>\n","protected":false},"author":14,"featured_media":35274,"comment_status":"open","ping_status":"open","sticky":false,"template":"","format":"standard","meta":{"_mi_skip_tracking":false,"_monsterinsights_sitenote_active":false,"_monsterinsights_sitenote_note":"","_monsterinsights_sitenote_category":0,"footnotes":""},"categories":[5373,11],"tags":[5683,15,9841],"aioseo_notices":[],"_links":{"self":[{"href":"https:\/\/infonews.az\/index.php?rest_route=\/wp\/v2\/posts\/35273"}],"collection":[{"href":"https:\/\/infonews.az\/index.php?rest_route=\/wp\/v2\/posts"}],"about":[{"href":"https:\/\/infonews.az\/index.php?rest_route=\/wp\/v2\/types\/post"}],"author":[{"embeddable":true,"href":"https:\/\/infonews.az\/index.php?rest_route=\/wp\/v2\/users\/14"}],"replies":[{"embeddable":true,"href":"https:\/\/infonews.az\/index.php?rest_route=%2Fwp%2Fv2%2Fcomments&post=35273"}],"version-history":[{"count":1,"href":"https:\/\/infonews.az\/index.php?rest_route=\/wp\/v2\/posts\/35273\/revisions"}],"predecessor-version":[{"id":35277,"href":"https:\/\/infonews.az\/index.php?rest_route=\/wp\/v2\/posts\/35273\/revisions\/35277"}],"wp:featuredmedia":[{"embeddable":true,"href":"https:\/\/infonews.az\/index.php?rest_route=\/wp\/v2\/media\/35274"}],"wp:attachment":[{"href":"https:\/\/infonews.az\/index.php?rest_route=%2Fwp%2Fv2%2Fmedia&parent=35273"}],"wp:term":[{"taxonomy":"category","embeddable":true,"href":"https:\/\/infonews.az\/index.php?rest_route=%2Fwp%2Fv2%2Fcategories&post=35273"},{"taxonomy":"post_tag","embeddable":true,"href":"https:\/\/infonews.az\/index.php?rest_route=%2Fwp%2Fv2%2Ftags&post=35273"}],"curies":[{"name":"wp","href":"https:\/\/api.w.org\/{rel}","templated":true}]}}