{"id":35368,"date":"2023-06-06T18:32:36","date_gmt":"2023-06-06T14:32:36","guid":{"rendered":"https:\/\/infonews.az\/?p=35368"},"modified":"2023-06-06T18:32:36","modified_gmt":"2023-06-06T14:32:36","slug":"iraq-lideri-v%c9%99-b%c9%99hreynin-bas-naziri-az%c9%99rbaycan-prezidentini-t%c9%99brik-edibl%c9%99r","status":"publish","type":"post","link":"https:\/\/infonews.az\/?p=35368","title":{"rendered":"\u0130raq lideri v\u0259 B\u0259hreynin Ba\u015f naziri Az\u0259rbaycan Prezidentini t\u0259brik edibl\u0259r"},"content":{"rendered":"<p><span style=\"color: #ffffff;\">\u0130raq lideri v\u0259 B\u0259hreynin Ba\u015f naziri Az\u0259rbaycan Prezidentini t\u0259brik edibl\u0259r<\/span><\/p>\n<blockquote><p><strong>\u0130raq Respublikas\u0131n\u0131n Prezidenti \u018fbd\u00fcll\u0259tif Camal R\u0259\u015fid Az\u0259rbaycan Respublikas\u0131n\u0131n Prezidenti \u0130lham \u018fliyev\u0259 t\u0259brik m\u0259ktubu \u00fcnvanlay\u0131b.<\/strong><\/p><\/blockquote>\n<p><strong><a href=\"http:\/\/\u0130NFONEWS\">\u0130NFONEWS<\/a><\/strong>\u00a0x\u0259b\u0259r verir ki, m\u0259ktubda deyilir:<\/p>\n<p>&#8220;\u018fs-s\u0259lamu aleykum va rahmatullahi va barakatuhu.<\/p>\n<p>Dost Az\u0259rbaycan\u0131n milli bayram\u0131 \u2013 M\u00fcst\u0259qillik G\u00fcn\u00fc m\u00fcnasib\u0259til\u0259 Zati-aliniz\u0259 b\u00f6y\u00fck m\u0259mnuniyy\u0259tl\u0259 \u0259n s\u0259mimi t\u0259brikl\u0259rimi \u00e7atd\u0131r\u0131ram. Siz\u0259 m\u00f6hk\u0259m cansa\u011fl\u0131\u011f\u0131 v\u0259 u\u011furlar, dost xalq\u0131n\u0131za davaml\u0131 t\u0259r\u0259qqi v\u0259 firavanl\u0131q arzulay\u0131ram.<\/p>\n<p>Bu xo\u015f f\u00fcrs\u0259td\u0259n istifad\u0259 ed\u0259r\u0259k, \u00f6lk\u0259l\u0259rimiz v\u0259 xalqlar\u0131m\u0131z aras\u0131nda m\u00fcnasib\u0259tl\u0259ri m\u00f6hk\u0259ml\u0259ndirm\u0259k, birg\u0259 \u0259m\u0259kda\u015fl\u0131q \u0259laq\u0259l\u0259rini inki\u015faf etdirm\u0259k \u0259zmind\u0259 oldu\u011fumu vur\u011fulay\u0131ram&#8221;.<\/p>\n<p>Bundan ba\u015fqa, B\u0259hreyn Krall\u0131\u011f\u0131n\u0131n v\u0259li\u0259hdi v\u0259 Ba\u015f naziri Salman bin H\u0259m\u0259d Al X\u0259lif\u0259 d\u0259 Prezident \u0130lham \u018fliyev\u0259 t\u0259brik m\u0259ktubu \u00fcnvanlay\u0131b.<\/p>\n<p>T\u0259brikd\u0259 deyilir:<\/p>\n<p>&#8220;Zati-alil\u0259ri, h\u00f6rm\u0259tli Prezident \u0130lham \u018fliyev!<\/p>\n<p>Az\u0259rbaycan Respublikas\u0131n\u0131n milli bayram\u0131 \u2013 M\u00fcst\u0259qillik G\u00fcn\u00fc m\u00fcnasib\u0259til\u0259 B\u0259hreyn Krall\u0131\u011f\u0131n\u0131n h\u00f6kum\u0259ti v\u0259 xalq\u0131 ad\u0131ndan, \u015f\u0259xs\u0259n \u00f6z ad\u0131mdan Siz\u0259 s\u0259mimi t\u0259brikl\u0259rimizi v\u0259 \u0259n xo\u015f arzular\u0131m\u0131z\u0131 \u00e7atd\u0131rmaqdan m\u0259mnunluq duyuram. Zati-aliniz\u0259 cansa\u011fl\u0131\u011f\u0131 v\u0259 s\u0259ad\u0259t, Az\u0259rbaycan Respublikas\u0131n\u0131n dost xalq\u0131na davaml\u0131 t\u0259r\u0259qqi v\u0259 rifah dil\u0259yir\u0259m.<\/p>\n<p>Zati-alil\u0259ri, y\u00fcks\u0259k ehtiram\u0131m\u0131 q\u0259bul edin&#8221;.<\/p>\n<p>&nbsp;<\/p>\n<p><em><strong>\u018fziz\u0259 \u018flizad\u0259<\/strong><\/em><\/p>\n<p><em><strong>\u00a9 Materiallardan istifad\u0259 ed\u0259rk\u0259n hiperlinkl\u0259 istinad olunmal\u0131d\u0131r<\/strong><\/em><\/p>\n<p><em><strong><a href=\"http:\/\/\u0130NFONEWS\">\u0130NFONEWS<\/a><\/strong><\/em><\/p>\n","protected":false},"excerpt":{"rendered":"<p>\u0130raq lideri v\u0259 B\u0259hreynin Ba\u015f naziri Az\u0259rbaycan Prezidentini t\u0259brik edibl\u0259r \u0130raq Respublikas\u0131n\u0131n Prezidenti \u018fbd\u00fcll\u0259tif Camal R\u0259\u015fid Az\u0259rbaycan Respublikas\u0131n\u0131n Prezidenti \u0130lham \u018fliyev\u0259 t\u0259brik m\u0259ktubu \u00fcnvanlay\u0131b. \u0130NFONEWS\u00a0x\u0259b\u0259r verir ki, m\u0259ktubda deyilir: &#8220;\u018fs-s\u0259lamu&hellip; <\/p>\n","protected":false},"author":14,"featured_media":35369,"comment_status":"open","ping_status":"open","sticky":false,"template":"","format":"standard","meta":{"_mi_skip_tracking":false,"_monsterinsights_sitenote_active":false,"_monsterinsights_sitenote_note":"","_monsterinsights_sitenote_category":0,"footnotes":""},"categories":[11,3394,10171],"tags":[11179,13,20,15,361,942],"aioseo_notices":[],"_links":{"self":[{"href":"https:\/\/infonews.az\/index.php?rest_route=\/wp\/v2\/posts\/35368"}],"collection":[{"href":"https:\/\/infonews.az\/index.php?rest_route=\/wp\/v2\/posts"}],"about":[{"href":"https:\/\/infonews.az\/index.php?rest_route=\/wp\/v2\/types\/post"}],"author":[{"embeddable":true,"href":"https:\/\/infonews.az\/index.php?rest_route=\/wp\/v2\/users\/14"}],"replies":[{"embeddable":true,"href":"https:\/\/infonews.az\/index.php?rest_route=%2Fwp%2Fv2%2Fcomments&post=35368"}],"version-history":[{"count":1,"href":"https:\/\/infonews.az\/index.php?rest_route=\/wp\/v2\/posts\/35368\/revisions"}],"predecessor-version":[{"id":35370,"href":"https:\/\/infonews.az\/index.php?rest_route=\/wp\/v2\/posts\/35368\/revisions\/35370"}],"wp:featuredmedia":[{"embeddable":true,"href":"https:\/\/infonews.az\/index.php?rest_route=\/wp\/v2\/media\/35369"}],"wp:attachment":[{"href":"https:\/\/infonews.az\/index.php?rest_route=%2Fwp%2Fv2%2Fmedia&parent=35368"}],"wp:term":[{"taxonomy":"category","embeddable":true,"href":"https:\/\/infonews.az\/index.php?rest_route=%2Fwp%2Fv2%2Fcategories&post=35368"},{"taxonomy":"post_tag","embeddable":true,"href":"https:\/\/infonews.az\/index.php?rest_route=%2Fwp%2Fv2%2Ftags&post=35368"}],"curies":[{"name":"wp","href":"https:\/\/api.w.org\/{rel}","templated":true}]}}