{"id":35668,"date":"2023-06-25T09:49:31","date_gmt":"2023-06-25T05:49:31","guid":{"rendered":"https:\/\/infonews.az\/?p=35668"},"modified":"2023-06-25T09:49:31","modified_gmt":"2023-06-25T05:49:31","slug":"sabahdan-az%c9%99rbaycanda-bir-h%c9%99ft%c9%99lik-bayram-t%c9%99tili-baslayir","status":"publish","type":"post","link":"https:\/\/infonews.az\/?p=35668","title":{"rendered":"Sabahdan Az\u0259rbaycanda bir h\u0259ft\u0259lik bayram t\u0259tili ba\u015flay\u0131r"},"content":{"rendered":"<p><span style=\"color: #ffffff;\">Sabahdan Az\u0259rbaycanda bir h\u0259ft\u0259lik bayram t\u0259tili ba\u015flay\u0131r<\/span><\/p>\n<blockquote><p><strong>Sabahdan, iyunun 26-dan Az\u0259rbaycanda bir h\u0259ft\u0259lik bayram t\u0259tili ba\u015flay\u0131r.<\/strong><\/p><\/blockquote>\n<p><a href=\"http:\/\/\u0130NFONEWS\">\u0130NFONEWS<\/a>\u00a0x\u0259b\u0259r verir ki, Qurban bayram\u0131 v\u0259 Silahl\u0131 Q\u00fcvv\u0259l\u0259r G\u00fcn\u00fc il\u0259 \u0259laq\u0259dar olaraq t\u0259til g\u00fcnl\u0259ri 26 iyun- 2 iyul tarixl\u0259rini \u0259hat\u0259 edir.<\/p>\n<p>Bel\u0259 ki, Ba\u015f nazir \u018fli \u018fs\u0259dovun imzalad\u0131\u011f\u0131 q\u0259rara \u0259sas\u0259n, i\u015f v\u0259 istirah\u0259t g\u00fcnl\u0259rinin ard\u0131c\u0131ll\u0131\u011f\u0131n\u0131 t\u0259min etm\u0259k m\u0259qs\u0259dil\u0259 2023-c\u00fc ilin 27 v\u0259 30 iyun i\u015f g\u00fcnl\u0259ri il\u0259 m\u00fcvafiq olaraq 24 v\u0259 25 iyun istirah\u0259t g\u00fcnl\u0259rinin yerl\u0259ri d\u0259yi\u015fdirilib.<\/p>\n<p>Bel\u0259likl\u0259, iyunun 24-\u00fc (\u015f\u0259nb\u0259) v\u0259 iyunun 25-i (bazar) i\u015f g\u00fcnl\u0259ri, iyunun 26, 27, 28, 29 v\u0259 30-u qeyri-i\u015f g\u00fcnl\u0259ri olub.<\/p>\n<p>N\u00f6vb\u0259ti iki g\u00fcn 1 v\u0259 2 iyul is\u0259 \u015f\u0259nb\u0259 v\u0259 bazar g\u00fcnl\u0259rin\u0259 t\u0259sad\u00fcf etdiyind\u0259n ard\u0131c\u0131l olaraq 7 qeyri-i\u015f g\u00fcn\u00fc olacaq.<\/p>\n<p>Qeyd ed\u0259k ki, 26 iyun Az\u0259rbaycan\u0131n Silahl\u0131 Q\u00fcvv\u0259l\u0259ri G\u00fcn\u00fc, 28 v\u0259 29 iyun is\u0259 Qurban bayram\u0131d\u0131r.<\/p>\n<p>&nbsp;<\/p>\n<p><em><strong>\u018fziz\u0259 \u018flizad\u0259<\/strong><\/em><\/p>\n<p><em><strong>\u00a9 Materiallardan istifad\u0259 ed\u0259rk\u0259n hiperlinkl\u0259 istinad olunmal\u0131d\u0131r<\/strong><\/em><\/p>\n<p><em><strong><a href=\"http:\/\/\u0130NFONEWS\">\u0130NFONEWS<\/a><\/strong><\/em><\/p>\n<p>&nbsp;<\/p>\n","protected":false},"excerpt":{"rendered":"<p>Sabahdan Az\u0259rbaycanda bir h\u0259ft\u0259lik bayram t\u0259tili ba\u015flay\u0131r Sabahdan, iyunun 26-dan Az\u0259rbaycanda bir h\u0259ft\u0259lik bayram t\u0259tili ba\u015flay\u0131r. \u0130NFONEWS\u00a0x\u0259b\u0259r verir ki, Qurban bayram\u0131 v\u0259 Silahl\u0131 Q\u00fcvv\u0259l\u0259r G\u00fcn\u00fc il\u0259 \u0259laq\u0259dar olaraq t\u0259til g\u00fcnl\u0259ri&hellip; <\/p>\n","protected":false},"author":14,"featured_media":35669,"comment_status":"open","ping_status":"open","sticky":false,"template":"","format":"standard","meta":{"_mi_skip_tracking":false,"_monsterinsights_sitenote_active":false,"_monsterinsights_sitenote_note":"","_monsterinsights_sitenote_category":0,"footnotes":""},"categories":[11,7],"tags":[11276,11277,13,1504,15,4642],"aioseo_notices":[],"_links":{"self":[{"href":"https:\/\/infonews.az\/index.php?rest_route=\/wp\/v2\/posts\/35668"}],"collection":[{"href":"https:\/\/infonews.az\/index.php?rest_route=\/wp\/v2\/posts"}],"about":[{"href":"https:\/\/infonews.az\/index.php?rest_route=\/wp\/v2\/types\/post"}],"author":[{"embeddable":true,"href":"https:\/\/infonews.az\/index.php?rest_route=\/wp\/v2\/users\/14"}],"replies":[{"embeddable":true,"href":"https:\/\/infonews.az\/index.php?rest_route=%2Fwp%2Fv2%2Fcomments&post=35668"}],"version-history":[{"count":1,"href":"https:\/\/infonews.az\/index.php?rest_route=\/wp\/v2\/posts\/35668\/revisions"}],"predecessor-version":[{"id":35670,"href":"https:\/\/infonews.az\/index.php?rest_route=\/wp\/v2\/posts\/35668\/revisions\/35670"}],"wp:featuredmedia":[{"embeddable":true,"href":"https:\/\/infonews.az\/index.php?rest_route=\/wp\/v2\/media\/35669"}],"wp:attachment":[{"href":"https:\/\/infonews.az\/index.php?rest_route=%2Fwp%2Fv2%2Fmedia&parent=35668"}],"wp:term":[{"taxonomy":"category","embeddable":true,"href":"https:\/\/infonews.az\/index.php?rest_route=%2Fwp%2Fv2%2Fcategories&post=35668"},{"taxonomy":"post_tag","embeddable":true,"href":"https:\/\/infonews.az\/index.php?rest_route=%2Fwp%2Fv2%2Ftags&post=35668"}],"curies":[{"name":"wp","href":"https:\/\/api.w.org\/{rel}","templated":true}]}}